{"id":980,"date":"2025-03-29T23:04:19","date_gmt":"2025-03-29T22:04:19","guid":{"rendered":"https:\/\/radio-tempore.wp-name.de\/?p=980"},"modified":"2025-03-29T23:04:20","modified_gmt":"2025-03-29T22:04:20","slug":"nichts-als-blues-programminfo","status":"publish","type":"post","link":"https:\/\/radio-tempore.wp-name.de\/index.php\/2025\/03\/29\/nichts-als-blues-programminfo\/","title":{"rendered":"Nichts als Blues &#8211; Programminfo"},"content":{"rendered":"\n<p><strong><em>Heute m\u00f6chte ich Dich auf ein neues Programm-Angebot bei <a href=\"https:\/\/stream.laut.fm\/mixx21\">Mixx21<\/a> aufmerksam machen: Zuk\u00fcnftig wird sich am Samstag, 17:00 Uhr die neue Sendung <a href=\"https:\/\/radio-tempore.wp-name.de\/index.php\/sendeplan\/sendeplan-mixx21\/\" data-type=\"page\" data-id=\"799\">\u201aNichts als Blues\u2018<\/a> abwechseln mit der bisher w\u00f6chentlich gesendeten Sendung \u201aKlassiker der Rock-\/Pop Gitarre\u2018. Damit kommt noch etwas mehr Mischung in mein Programm. Du musst kein Blues-Kenner sein. Ich mische einfach Titel zusammen, die leicht zu h\u00f6ren sind. Ich freu mich, wenn Du einschaltest.<\/em><\/strong><\/p>\n\n\n\n<p>Ein wenig Hintergrundinformation zur Blues-Musik kommt jetzt.<\/p>\n\n\n\n<h2 class=\"wp-block-heading\">Die Geschichte der Blues-Musik<\/h2>\n\n\n\n<p>Der Blues ist eine eigenst\u00e4ndige Form afroamerikanischer US-Folklore, und ist nicht &#8211; wie man vermuten k\u00f6nnte &#8211; aus den Gospels entstanden. Er enth\u00e4lt Elemente\u00a0aus der afrikanischen, europ\u00e4ischen und karibischen Musik.<\/p>\n\n\n\n<p>Entstanden ist der Blues bereits Ende des 19. Jahrhundert im S\u00fcden der USA. Er entwickelte sich aus den afrikanischen Musiktraditionen der Sklaven, die nach Amerika gebracht wurden. Nicht selten klagten die Texte \u00fcber die N\u00f6te der Arbeiter in den S\u00fcdstaaten.<\/p>\n\n\n\n<p>Deshalb ist die Bezeichnung \u201aBlues\u2018 auch auf das englische Wort \u201ablue\u2018f\u00fcr traurig, betr\u00fcbt zur\u00fcckzuf\u00fchren.<\/p>\n\n\n<div class=\"wp-block-image\">\n<figure class=\"alignleft size-full\"><img loading=\"lazy\" decoding=\"async\" width=\"250\" height=\"188\" src=\"https:\/\/radio-tempore.wp-name.de\/wp-content\/uploads\/2025\/03\/image.jpeg\" alt=\"\" class=\"wp-image-981\"\/><figcaption class=\"wp-element-caption\">(c) wikipedia.de<\/figcaption><\/figure>\n<\/div>\n\n\n<p>Bluesmusik entwickelte sich mit den Jahren weiter. In den 1920er und 1930er Jahren spezialisierte sich diese Musikrichtung. Zu dieser Zeit sprangen auch die Plattenfirmen auf den Trend auf. Mitte der 1940er Jahre begann der \u201aelektrische Blues\u2018und l\u00f6ste den vorher akustischen Blues fast vollst\u00e4ndig ab. Die Musik wurde im Radio gespielt. Es gab immer speziellere Musikrichtungen und Weiterentwicklungen. So entwickelte sich aus der rauen Blues-Form \u201aHonky Tonk\u2018 zum Beispiel der Rock\u2019n\u2019Roll (!!).<\/p>\n\n\n<div class=\"wp-block-image\">\n<figure class=\"alignright size-full\"><a href=\"https:\/\/de.wikipedia.org\/wiki\/Canned_Heat\"><img loading=\"lazy\" decoding=\"async\" width=\"220\" height=\"147\" src=\"https:\/\/radio-tempore.wp-name.de\/wp-content\/uploads\/2025\/03\/image-1.jpeg\" alt=\"\" class=\"wp-image-982\"\/><\/a><figcaption class=\"wp-element-caption\">(c) wikipedia &#8211; Canned Heat<\/figcaption><\/figure>\n<\/div>\n\n\n<p>Schlie\u00dflich wurde in den 1960er Jahren die Bluesmusik auch f\u00fcr wei\u00dfe Musiker interessant. Viele Rockbands nahmen den Blues als Basis f\u00fcr ihre Musik. So entstand der \u201aBluesrock\u2018. Typische Vertreter dieser Richtung waren z.B. Canned Heat, <a href=\"https:\/\/de.wikipedia.org\/wiki\/The_Doors\">The Doors<\/a>, <a href=\"https:\/\/de.wikipedia.org\/wiki\/Jimi_Hendrix\">Jimi Hendrix<\/a>, <a href=\"https:\/\/de.wikipedia.org\/wiki\/Eric_Clapton\">Eric Clapton<\/a>, <a href=\"https:\/\/de.wikipedia.org\/wiki\/Led_Zeppelin\">Led Zeppelin<\/a> oder <a href=\"https:\/\/de.wikipedia.org\/wiki\/The_Rolling_Stones\">The Rolling Stones<\/a>.<\/p>\n\n\n\n<p>In Deutschland machten Anfang der 1970er Jahre Bands wie z.B. die Al Jones Bluesband, <a href=\"https:\/\/de.wikipedia.org\/wiki\/Frankfurt_City_Blues_Band\">Frankfurt City Blues Band<\/a>, <a href=\"https:\/\/de.wikipedia.org\/wiki\/Mojo_Blues_Band\">Mojo Blues Band<\/a> oder die <a href=\"https:\/\/de.wikipedia.org\/wiki\/Blues_Company\">Blues Company<\/a> den Blues popul\u00e4r. Auch in deutscher Sprache wurde \u201agebluest\u2018: Die Band \u201a<a href=\"https:\/\/de.wikipedia.org\/wiki\/Das_dritte_Ohr\">Das dritte Ohr<\/a>\u2018sang ausschlie\u00dflich deutsche Texte.<\/p>\n\n\n<div class=\"wp-block-image\">\n<figure class=\"alignleft size-full\"><a href=\"https:\/\/de.wikipedia.org\/wiki\/Ana_Popovi%C4%87\"><img loading=\"lazy\" decoding=\"async\" width=\"250\" height=\"166\" src=\"https:\/\/radio-tempore.wp-name.de\/wp-content\/uploads\/2025\/03\/image-2.jpeg\" alt=\"\" class=\"wp-image-983\"\/><\/a><figcaption class=\"wp-element-caption\">(c) wikipedia &#8211; Ana Popovic<\/figcaption><\/figure>\n<\/div>\n\n\n<p>Und da, wo alles seinen Anfang hat \u2013 in den USA \u2013 wurde der Blues in der Popmusik l\u00e4ngst von anderen Stilen abgel\u00f6st: Soul, Hip-Hop, R\u2019n\u2019B. Es gibt aber K\u00fcnstler, die den Blues in ihrer Arbeit weiter nutzen. Beispielsweise nenne ich Ana Popovic, Eric Clapton, <a href=\"https:\/\/de.wikipedia.org\/wiki\/Bonnie_Raitt\">Bonnie Raitt<\/a>, Joe Bonamassa.<\/p>\n\n\n\n<p><\/p>\n\n\n\n<p><\/p>\n\n\n\n<p><strong><em>Ich hoffe, dass dieser Beitrag in meinem Blog etwas Informatives f\u00fcr Dich dabei hatte. Und vielleicht h\u00f6rst Du ja mal in die Radiosendung zu diesem Beitrag bei <a href=\"https:\/\/stream.laut.fm\/mixx21\">Mixx21<\/a> rein:<\/em><\/strong><\/p>\n\n\n\n<p class=\"has-text-align-center\"><strong>Samstag (alle 2 Wochen) \u2013 von 17:00 Uhr bis 18:00 Uhr \u2013<\/strong><\/p>\n\n\n\n<p><strong>Also, ich bin da! Doch nun: Danke f\u00fcrs Lesen und bis zum n\u00e4chsten Blog!<\/strong><\/p>\n\n\n\n<p><em>Dein Plattenaufleger Karl-Heinz<\/em><\/p>\n\n\n\n<p><\/p>\n","protected":false},"excerpt":{"rendered":"<p>Wie ist die Geschichte der Blues-Musik? Ein kurzer \u00dcberblick und ein Programmhinweis auf die Sendung &#8218;Nichts als Blues&#8216;.<\/p>\n","protected":false},"author":1,"featured_media":989,"comment_status":"open","ping_status":"open","sticky":false,"template":"","format":"standard","meta":{"saved_in_kubio":false,"advanced_seo_description":"","jetpack_seo_html_title":"","jetpack_seo_noindex":false,"_jetpack_memberships_contains_paid_content":false,"footnotes":"","jetpack_publicize_message":"Mixx21 - Die Mischung macht's! \nJetzt mische ich auch Blues-Musik ins Programm. Ein neuer Blog von Mixx21","jetpack_publicize_feature_enabled":true,"jetpack_social_post_already_shared":false,"jetpack_social_options":{"image_generator_settings":{"template":"highway","enabled":false},"version":2}},"categories":[1,27,7],"tags":[42,9,11,10],"class_list":["post-980","post","type-post","status-publish","format-standard","has-post-thumbnail","hentry","category-allgemeines","category-geschichte","category-hoertipps","tag-blues","tag-mixx21","tag-programmhinweis","tag-webradio"],"jetpack_publicize_connections":[],"jetpack_featured_media_url":"https:\/\/radio-tempore.wp-name.de\/wp-content\/uploads\/2025\/03\/Blog-Blues.jpg","jetpack_likes_enabled":true,"jetpack_sharing_enabled":true,"_links":{"self":[{"href":"https:\/\/radio-tempore.wp-name.de\/index.php\/wp-json\/wp\/v2\/posts\/980","targetHints":{"allow":["GET"]}}],"collection":[{"href":"https:\/\/radio-tempore.wp-name.de\/index.php\/wp-json\/wp\/v2\/posts"}],"about":[{"href":"https:\/\/radio-tempore.wp-name.de\/index.php\/wp-json\/wp\/v2\/types\/post"}],"author":[{"embeddable":true,"href":"https:\/\/radio-tempore.wp-name.de\/index.php\/wp-json\/wp\/v2\/users\/1"}],"replies":[{"embeddable":true,"href":"https:\/\/radio-tempore.wp-name.de\/index.php\/wp-json\/wp\/v2\/comments?post=980"}],"version-history":[{"count":5,"href":"https:\/\/radio-tempore.wp-name.de\/index.php\/wp-json\/wp\/v2\/posts\/980\/revisions"}],"predecessor-version":[{"id":990,"href":"https:\/\/radio-tempore.wp-name.de\/index.php\/wp-json\/wp\/v2\/posts\/980\/revisions\/990"}],"wp:featuredmedia":[{"embeddable":true,"href":"https:\/\/radio-tempore.wp-name.de\/index.php\/wp-json\/wp\/v2\/media\/989"}],"wp:attachment":[{"href":"https:\/\/radio-tempore.wp-name.de\/index.php\/wp-json\/wp\/v2\/media?parent=980"}],"wp:term":[{"taxonomy":"category","embeddable":true,"href":"https:\/\/radio-tempore.wp-name.de\/index.php\/wp-json\/wp\/v2\/categories?post=980"},{"taxonomy":"post_tag","embeddable":true,"href":"https:\/\/radio-tempore.wp-name.de\/index.php\/wp-json\/wp\/v2\/tags?post=980"}],"curies":[{"name":"wp","href":"https:\/\/api.w.org\/{rel}","templated":true}]}}