{"id":950,"date":"2025-03-11T21:45:19","date_gmt":"2025-03-11T20:45:19","guid":{"rendered":"https:\/\/radio-tempore.wp-name.de\/?p=950"},"modified":"2025-03-11T21:45:20","modified_gmt":"2025-03-11T20:45:20","slug":"italienische-popmusik-ein-blick-auf-la-dolce-vita","status":"publish","type":"post","link":"https:\/\/radio-tempore.wp-name.de\/index.php\/2025\/03\/11\/italienische-popmusik-ein-blick-auf-la-dolce-vita\/","title":{"rendered":"Italienische Popmusik: Ein Blick auf La Dolce Vita"},"content":{"rendered":"\n<p><strong>Herzlich willkommen zu diesem Blog. Doch bevor es losgeht, gestatte mir etwas Werbung zu zwei Spezialsendungen in meinem <a href=\"https:\/\/stream.laut.fm\/mixx21\">Webradio Mixx21:<\/a><\/strong><\/p>\n\n\n\n<p class=\"has-text-align-left has-vivid-cyan-blue-color has-text-color has-link-color wp-elements-6b5bc92cc008f5f24f433d23438d0a24\"><em>Ausschlie\u00dflich<\/em> <em><strong><a href=\"https:\/\/radio-tempore.wp-name.de\/index.php\/sendeplan\/sendeplan-mixx21\/\" data-type=\"page\" data-id=\"799\">Italienische Popmusik<\/a><\/strong> aus acht Jahrzehnten gibt es bei <strong>Mixx21<\/strong> immer <\/em><\/p>\n\n\n\n<ul class=\"wp-block-list\">\n<li class=\"has-pale-cyan-blue-color has-text-color has-link-color wp-elements-063a6158e5821e85e8755527775f2cd2\"><em>am <strong>Montag ab 17:00 Uhr<\/strong><\/em><\/li>\n\n\n\n<li class=\"has-pale-cyan-blue-color has-text-color has-link-color wp-elements-0665abc1c7c72a9a68c88bc41293a398\"><em>am <strong>Samstag ab 00:00 Uhr<\/strong> (jeweils f\u00fcr eine Stunde)<\/em><\/li>\n\n\n\n<li class=\"has-pale-cyan-blue-color has-text-color has-link-color wp-elements-6359881147295d78416b97cc93e4291a\"><em>an jedem <strong>dritten Samstag<\/strong> im Monat <strong>ab 20:00 Uhr<\/strong> in einer &#8222;<strong><a href=\"https:\/\/radio-tempore.wp-name.de\/index.php\/sendeplan\/sendeplan-mixx21\/\" data-type=\"page\" data-id=\"799\">Ciao Ragazzi-Nacht<\/a><\/strong>&#8220; bis Mitternacht.<\/em><\/li>\n<\/ul>\n\n\n\n<p class=\"has-text-align-center has-luminous-vivid-amber-background-color has-background has-medium-font-size\"><strong>Doch nun zum Blog:<\/strong><\/p>\n\n\n\n<p><strong>Eis schlecken, der Sonne entgegen auf einer knatternden Vespa an der Riviera \u2013 so oder so \u00e4hnlich tr\u00e4umen wir vom s\u00fc\u00dfen Leben in Italien, \u201eLa Dolce Vita\u201c. Bei uns Deutschen l\u00f6sen diese Gedanken sofort Sehnsucht nach dem S\u00fcden aus.<\/strong><\/p>\n\n\n\n<p><strong>Italien<\/strong> \u2013 ein Land voller Kultur und Geschichte, atemberaubender Landschaften, azurblauem Meer, warmer Sommern\u00e4chte und endlosen Str\u00e4nden. Dazu noch legend\u00e4re Pasta, Pizza und ein Espresso, der selbst die m\u00fcdesten Geister weckt. Kein Wunder, dass wir einfach hin und weg sind von diesem Land der \u201e<em>Pomeronen und Zitranzen<\/em>\u201c, wie <a href=\"https:\/\/heinz-erhardt.de\/html\/werke.html\">Heinz Erhardt<\/a> es so charmant auf den Punkt brachte.<\/p>\n\n\n\n<p>In den 1950ern war Italien das Sehnsuchtsziel schlechthin. Deutsche Schlager dieser Zeit drehten sich gef\u00fchlt nur um dieses Land. Und wenn unsere Gro\u00dfeltern damals den Koffer packten, gab es nur ein Ziel: Italien!<\/p>\n\n\n\n<p>Und auch heute ist das italienische Lebensgef\u00fchl bei uns pr\u00e4sent wie eh und je. Gerade die italienische Popmusik trifft mitten ins Herz. Ob Sehnsucht, Freude, Liebeskummer \u2013 italienische Songs bringen uns zum Tr\u00e4umen. Klar, \u201e<a href=\"https:\/\/youtu.be\/cI88MPnkRG4?si=ZIi5MPGKVrh5Xsre\">Zwei kleine Italiener<\/a>\u201c waren mal ein Hit, aber heute geht es um Themen, die uns allen nahegehen: Liebe, Trennung, Alltag, sogar Gewalt und Kriminalit\u00e4t.<\/p>\n\n\n\n<p>In Italien genie\u00dft die Popmusik hohen Status. K\u00fcnstler werden gefeiert wie Superstars, und die Hitparaden sind voll von Songs auf Italienisch \u2013 echte Ohrw\u00fcrmer!<\/p>\n\n\n\n<p>Also, wenn dich das Fernweh packt, dann lass dir meine Sendungen mit italienischer Musik nicht entgehen. Wann die laufen, findest du oben. Nat\u00fcrlich kannst du italienische Songs auch in den anderen Sendungen finden: Mein Radioprogramm ist ja eine Mischung verschiedener Musikrichtungen.<\/p>\n\n\n\n<p><strong>Das war\u2019s erst mal. Aber keine Sorge \u2013 der n\u00e4chste Blog-Beitrag kommt bestimmt! <\/strong><\/p>\n\n\n\n<p><strong>Arrivederci und bis bald, <em>Dein Plattenaufleger<\/em>.<\/strong><\/p>\n","protected":false},"excerpt":{"rendered":"<p>Der Blog begr\u00fc\u00dft die Leser und bewirbt zwei spezielle Sendungen \u00fcber italienische Popmusik im Webradio Mixx21. Italien wird als kulturelles Traumziel beschrieben, das Sehnsucht und romantische Gef\u00fchle ausl\u00f6st. Die Sendungen thematisieren die popul\u00e4re Musik Italiens, die soziale Themen anspricht. Weitere Beitr\u00e4ge sind angek\u00fcndigt.<\/p>\n","protected":false},"author":1,"featured_media":948,"comment_status":"open","ping_status":"open","sticky":false,"template":"","format":"standard","meta":{"saved_in_kubio":false,"advanced_seo_description":"Es gibt einen neuen Blog mit Programmhinweis und Hintergrundinformation zu meinen Sendungen Ciao Ragazzi bei Mixx21 Deinem Webradio.","jetpack_seo_html_title":"Italienische Popmusik","jetpack_seo_noindex":false,"_jetpack_memberships_contains_paid_content":false,"footnotes":"","jetpack_publicize_message":"Es gibt im neuen Blog auf der gemeinsamen Seite von Mixx21 und Radio-Tempore zus\u00e4tzliche Informationen zu einer Spezialsendung.. ","jetpack_publicize_feature_enabled":true,"jetpack_social_post_already_shared":false,"jetpack_social_options":{"image_generator_settings":{"template":"highway","enabled":false},"version":2}},"categories":[1,7,6],"tags":[40,9,41,39,11,10],"class_list":["post-950","post","type-post","status-publish","format-standard","has-post-thumbnail","hentry","category-allgemeines","category-hoertipps","category-programm","tag-italien","tag-mixx21","tag-pop","tag-programm","tag-programmhinweis","tag-webradio"],"jetpack_publicize_connections":[],"jetpack_featured_media_url":"https:\/\/radio-tempore.wp-name.de\/wp-content\/uploads\/2025\/03\/Italien-01.jpeg","jetpack_likes_enabled":true,"jetpack_sharing_enabled":true,"_links":{"self":[{"href":"https:\/\/radio-tempore.wp-name.de\/index.php\/wp-json\/wp\/v2\/posts\/950","targetHints":{"allow":["GET"]}}],"collection":[{"href":"https:\/\/radio-tempore.wp-name.de\/index.php\/wp-json\/wp\/v2\/posts"}],"about":[{"href":"https:\/\/radio-tempore.wp-name.de\/index.php\/wp-json\/wp\/v2\/types\/post"}],"author":[{"embeddable":true,"href":"https:\/\/radio-tempore.wp-name.de\/index.php\/wp-json\/wp\/v2\/users\/1"}],"replies":[{"embeddable":true,"href":"https:\/\/radio-tempore.wp-name.de\/index.php\/wp-json\/wp\/v2\/comments?post=950"}],"version-history":[{"count":11,"href":"https:\/\/radio-tempore.wp-name.de\/index.php\/wp-json\/wp\/v2\/posts\/950\/revisions"}],"predecessor-version":[{"id":962,"href":"https:\/\/radio-tempore.wp-name.de\/index.php\/wp-json\/wp\/v2\/posts\/950\/revisions\/962"}],"wp:featuredmedia":[{"embeddable":true,"href":"https:\/\/radio-tempore.wp-name.de\/index.php\/wp-json\/wp\/v2\/media\/948"}],"wp:attachment":[{"href":"https:\/\/radio-tempore.wp-name.de\/index.php\/wp-json\/wp\/v2\/media?parent=950"}],"wp:term":[{"taxonomy":"category","embeddable":true,"href":"https:\/\/radio-tempore.wp-name.de\/index.php\/wp-json\/wp\/v2\/categories?post=950"},{"taxonomy":"post_tag","embeddable":true,"href":"https:\/\/radio-tempore.wp-name.de\/index.php\/wp-json\/wp\/v2\/tags?post=950"}],"curies":[{"name":"wp","href":"https:\/\/api.w.org\/{rel}","templated":true}]}}