{"id":896,"date":"2024-12-30T21:34:29","date_gmt":"2024-12-30T20:34:29","guid":{"rendered":"https:\/\/radio-tempore.wp-name.de\/?p=896"},"modified":"2024-12-30T21:34:31","modified_gmt":"2024-12-30T20:34:31","slug":"ein-frohes-neues-jahr","status":"publish","type":"post","link":"https:\/\/radio-tempore.wp-name.de\/index.php\/2024\/12\/30\/ein-frohes-neues-jahr\/","title":{"rendered":"Ein frohes neues Jahr!"},"content":{"rendered":"\n<p><strong>\u201eF\u00fcr das neue Jahr w\u00fcnsche ich dir so viel Gl\u00fcck, wie der Regen Tropfen hat und so viel Liebe, wie die Sonne Strahlen hat. <\/strong>\u201c<\/p>\n\n\n\n<p>Und? Wie ist es? Habt Ihr alles vorbereitet f\u00fcr den Jahreswechsel. Die Einen haben f\u00fcr das Fondue alles eingekauft und die Getr\u00e4nke kaltgestellt. Die Anderen m\u00fcssen sich noch entscheiden, welchen Schlafanzug sie zum Jahreswechsel anziehen.<\/p>\n\n\n\n<p>Was aber feststeht, ist das Radioprogramm meiner beiden Webradios (<a href=\"https:\/\/stream.laut.fm\/radio-tempore\">Radio-Tempore<\/a> und <a href=\"https:\/\/stream.laut.fm\/mixx21\">Mixx21<\/a>):<\/p>\n\n\n\n<p><\/p>\n\n\n\n<h2 class=\"wp-block-heading\">Dienstag, 31. Dezember 2024 Programm zum Jahreswechsel<\/h2>\n\n\n\n<p>Mein <strong>Silvester-Programm<\/strong> beginnt erst um 20:00 Uhr. Bis dahin ist der Ablauf wie an jedem anderen Dienstag:<\/p>\n\n\n\n<p><strong>Radio-Tempore:<\/strong> Das Programm &#8218;Party-Service&#8216; macht eine Sonderschicht von 20:00 bis 03:00 Uhr.<\/p>\n\n\n\n<p><strong>Mixx21:<\/strong> Hier beginnt das Silvester-Programm auch um 20:00 Uhr und endet Neujahr um 04:00 Uhr.<\/p>\n\n\n\n<h2 class=\"wp-block-heading\">Mittwoch, 1. Januar 2025 Programm am ersten Tag des Jahres <\/h2>\n\n\n\n<p>M\u00f6glicherweise m\u00fcsst ihr erst einmal Nachwirkungen aus dem letzten Jahr verarbeiten. Legt also die F\u00fc\u00dfe hoch, behandelt den Kopfschmerz. Oder macht euch einen ruhigen Tag und lasst das neue Jahr einfach beginnen. <\/p>\n\n\n\n<p><strong>Radio-Tempore <\/strong>sendet am Neujahrstag zun\u00e4chst das regul\u00e4re Programm. Die Musikbox von 14:00 bis 18:00 Uhr feiert musikalisch den Jahresbeginn.<\/p>\n\n\n\n<p><strong>Mixx21 <\/strong>beginnt den Tag ebenfalls mit dem regul\u00e4ren Programm. Von 09:00 bis 13:00 Uhr gibt es hier nochmal Party-Stimmung.<\/p>\n\n\n\n<p>So, nun wisst ihr Bescheid. Denkt an &#8218;Dinner for one&#8216; und genie\u00dft den Jahreswechsel mit euren Lieblingssendern im Web.<\/p>\n\n\n\n<p>Kommt gut ins neue Jahr.<\/p>\n\n\n\n<p>Euer DJ bei Radio-Tempore und Mixx21<\/p>\n","protected":false},"excerpt":{"rendered":"<p>\u201eF\u00fcr das neue Jahr w\u00fcnsche ich dir so viel Gl\u00fcck, wie der Regen Tropfen hat und so viel Liebe, wie die Sonne Strahlen hat. \u201c Und? Wie ist es? Habt Ihr alles vorbereitet f\u00fcr den Jahreswechsel. Die Einen haben f\u00fcr das Fondue alles eingekauft und die Getr\u00e4nke kaltgestellt. Die Anderen m\u00fcssen sich noch entscheiden, welchen [&hellip;]<\/p>\n","protected":false},"author":1,"featured_media":903,"comment_status":"open","ping_status":"open","sticky":false,"template":"","format":"standard","meta":{"saved_in_kubio":false,"advanced_seo_description":"","jetpack_seo_html_title":"","jetpack_seo_noindex":false,"_jetpack_memberships_contains_paid_content":false,"footnotes":"","jetpack_publicize_message":"","jetpack_publicize_feature_enabled":true,"jetpack_social_post_already_shared":true,"jetpack_social_options":{"image_generator_settings":{"template":"highway","default_image_id":0,"font":"","enabled":false},"version":2}},"categories":[1,7,6],"tags":[9,35,36,37,38,34,29,10],"class_list":["post-896","post","type-post","status-publish","format-standard","has-post-thumbnail","hentry","category-allgemeines","category-hoertipps","category-programm","tag-mixx21","tag-neujahr","tag-party","tag-partymusik","tag-radiotempore","tag-silvester","tag-streaming","tag-webradio"],"jetpack_publicize_connections":[],"jetpack_featured_media_url":"https:\/\/radio-tempore.wp-name.de\/wp-content\/uploads\/2024\/12\/Jahreswechsel.jpg","jetpack_likes_enabled":true,"jetpack_sharing_enabled":true,"_links":{"self":[{"href":"https:\/\/radio-tempore.wp-name.de\/index.php\/wp-json\/wp\/v2\/posts\/896","targetHints":{"allow":["GET"]}}],"collection":[{"href":"https:\/\/radio-tempore.wp-name.de\/index.php\/wp-json\/wp\/v2\/posts"}],"about":[{"href":"https:\/\/radio-tempore.wp-name.de\/index.php\/wp-json\/wp\/v2\/types\/post"}],"author":[{"embeddable":true,"href":"https:\/\/radio-tempore.wp-name.de\/index.php\/wp-json\/wp\/v2\/users\/1"}],"replies":[{"embeddable":true,"href":"https:\/\/radio-tempore.wp-name.de\/index.php\/wp-json\/wp\/v2\/comments?post=896"}],"version-history":[{"count":7,"href":"https:\/\/radio-tempore.wp-name.de\/index.php\/wp-json\/wp\/v2\/posts\/896\/revisions"}],"predecessor-version":[{"id":904,"href":"https:\/\/radio-tempore.wp-name.de\/index.php\/wp-json\/wp\/v2\/posts\/896\/revisions\/904"}],"wp:featuredmedia":[{"embeddable":true,"href":"https:\/\/radio-tempore.wp-name.de\/index.php\/wp-json\/wp\/v2\/media\/903"}],"wp:attachment":[{"href":"https:\/\/radio-tempore.wp-name.de\/index.php\/wp-json\/wp\/v2\/media?parent=896"}],"wp:term":[{"taxonomy":"category","embeddable":true,"href":"https:\/\/radio-tempore.wp-name.de\/index.php\/wp-json\/wp\/v2\/categories?post=896"},{"taxonomy":"post_tag","embeddable":true,"href":"https:\/\/radio-tempore.wp-name.de\/index.php\/wp-json\/wp\/v2\/tags?post=896"}],"curies":[{"name":"wp","href":"https:\/\/api.w.org\/{rel}","templated":true}]}}