{"id":88,"date":"2022-05-08T19:48:13","date_gmt":"2022-05-08T17:48:13","guid":{"rendered":"https:\/\/wp801108.luwp-s094.letuswordpress.de\/?p=88"},"modified":"2022-05-11T23:20:46","modified_gmt":"2022-05-11T21:20:46","slug":"spezimixx-musical","status":"publish","type":"post","link":"https:\/\/radio-tempore.wp-name.de\/index.php\/2022\/05\/08\/spezimixx-musical\/","title":{"rendered":"SpeziMixx Musical"},"content":{"rendered":"\n<div class=\"wp-block-media-text alignwide is-stacked-on-mobile\"><figure class=\"wp-block-media-text__media\"><img loading=\"lazy\" decoding=\"async\" width=\"1024\" height=\"683\" src=\"https:\/\/wp801108.luwp-s094.letuswordpress.de\/wp-content\/uploads\/2022\/05\/theatre-4871711_1920-1024x683.jpg\" alt=\"\" class=\"wp-image-89 size-full\" srcset=\"https:\/\/radio-tempore.wp-name.de\/wp-content\/uploads\/2022\/05\/theatre-4871711_1920-1024x683.jpg 1024w, https:\/\/radio-tempore.wp-name.de\/wp-content\/uploads\/2022\/05\/theatre-4871711_1920-300x200.jpg 300w, https:\/\/radio-tempore.wp-name.de\/wp-content\/uploads\/2022\/05\/theatre-4871711_1920-768x512.jpg 768w, https:\/\/radio-tempore.wp-name.de\/wp-content\/uploads\/2022\/05\/theatre-4871711_1920-1536x1024.jpg 1536w, https:\/\/radio-tempore.wp-name.de\/wp-content\/uploads\/2022\/05\/theatre-4871711_1920.jpg 1920w\" sizes=\"(max-width: 1024px) 100vw, 1024px\" \/><\/figure><div class=\"wp-block-media-text__content\">\n<p>Musical: Erst in den 1920er Jahren entstand das Musical. Zun\u00e4chst gab es nur wenige St\u00fccke, inzwischen hat sich das Musical nahezu inflation\u00e4r vervielf\u00e4ltigt. Hier im SpeziMixx gibt es eine Auswahl der sch\u00f6nsten Lieder aus den Musicals.<\/p>\n<\/div><\/div>\n\n\n\n<h2 class=\"wp-block-heading\">Neu am 18.05.2022 von 20:00 Uhr bis 21:00 Uhr bei <a href=\"http:\/\/stream.laut.fm\/mixx21\">Mixx21<\/a><\/h2>\n\n\n\n<p>Dieses Mal mit Musik aus &#8218;Aladdin&#8216;,&#8217;Crazy Girl&#8216;,&#8217;Starlight Express&#8216;,&#8217;Hundertwasser&#8216; u.v.a.<\/p>\n","protected":false},"excerpt":{"rendered":"<p>Musical: Erst in den 1920er Jahren entstand das Musical. Zun\u00e4chst gab es nur wenige St\u00fccke, inzwischen hat sich das Musical nahezu inflation\u00e4r vervielf\u00e4ltigt. Hier im SpeziMixx gibt es eine Auswahl der sch\u00f6nsten Lieder aus den Musicals. Neu am 18.05.2022 von 20:00 Uhr bis 21:00 Uhr bei Mixx21 Dieses Mal mit Musik aus &#8218;Aladdin&#8216;,&#8217;Crazy Girl&#8216;,&#8217;Starlight Express&#8216;,&#8217;Hundertwasser&#8216; [&hellip;]<\/p>\n","protected":false},"author":1,"featured_media":0,"comment_status":"open","ping_status":"open","sticky":false,"template":"","format":"standard","meta":{"saved_in_kubio":false,"advanced_seo_description":"","jetpack_seo_html_title":"","jetpack_seo_noindex":false,"_jetpack_memberships_contains_paid_content":false,"footnotes":"","jetpack_publicize_message":"","jetpack_publicize_feature_enabled":true,"jetpack_social_post_already_shared":false,"jetpack_social_options":{"image_generator_settings":{"template":"highway","default_image_id":0,"font":"","enabled":false},"version":2}},"categories":[7,6],"tags":[],"class_list":["post-88","post","type-post","status-publish","format-standard","hentry","category-hoertipps","category-programm"],"jetpack_publicize_connections":[],"jetpack_featured_media_url":"","jetpack_likes_enabled":true,"jetpack_sharing_enabled":true,"_links":{"self":[{"href":"https:\/\/radio-tempore.wp-name.de\/index.php\/wp-json\/wp\/v2\/posts\/88","targetHints":{"allow":["GET"]}}],"collection":[{"href":"https:\/\/radio-tempore.wp-name.de\/index.php\/wp-json\/wp\/v2\/posts"}],"about":[{"href":"https:\/\/radio-tempore.wp-name.de\/index.php\/wp-json\/wp\/v2\/types\/post"}],"author":[{"embeddable":true,"href":"https:\/\/radio-tempore.wp-name.de\/index.php\/wp-json\/wp\/v2\/users\/1"}],"replies":[{"embeddable":true,"href":"https:\/\/radio-tempore.wp-name.de\/index.php\/wp-json\/wp\/v2\/comments?post=88"}],"version-history":[{"count":0,"href":"https:\/\/radio-tempore.wp-name.de\/index.php\/wp-json\/wp\/v2\/posts\/88\/revisions"}],"wp:attachment":[{"href":"https:\/\/radio-tempore.wp-name.de\/index.php\/wp-json\/wp\/v2\/media?parent=88"}],"wp:term":[{"taxonomy":"category","embeddable":true,"href":"https:\/\/radio-tempore.wp-name.de\/index.php\/wp-json\/wp\/v2\/categories?post=88"},{"taxonomy":"post_tag","embeddable":true,"href":"https:\/\/radio-tempore.wp-name.de\/index.php\/wp-json\/wp\/v2\/tags?post=88"}],"curies":[{"name":"wp","href":"https:\/\/api.w.org\/{rel}","templated":true}]}}