{"id":819,"date":"2024-10-20T19:59:51","date_gmt":"2024-10-20T17:59:51","guid":{"rendered":"https:\/\/wp801108.luwp-s094.letuswordpress.de\/?p=819"},"modified":"2024-10-20T19:59:52","modified_gmt":"2024-10-20T17:59:52","slug":"zeitumstellung-normalzeit-winterzeit","status":"publish","type":"post","link":"https:\/\/radio-tempore.wp-name.de\/index.php\/2024\/10\/20\/zeitumstellung-normalzeit-winterzeit\/","title":{"rendered":"Zeitumstellung &#8211; Normalzeit (Winterzeit)"},"content":{"rendered":"\n<p>Hallo zusammen,<\/p>\n\n\n\n<p>am <strong>Sonntag<\/strong> wird wieder die <strong>Zeit umgestellt<\/strong> (von 03:00 auf 02:00 Uhr). Das bringt f\u00fcr meine beiden Sender eine Ver\u00e4nderung &#8211; aber nur f\u00fcr diesen speziellen Sonntag. Wahrscheinlich kennt Ihr das als Stammh\u00f6rende. Allerdings sind gerade in letzter Zeit einige neue H\u00f6rer und H\u00f6rerinnen hinzugekommen. F\u00fcr diejenigen, die noch nicht so lange dabei sind, aber auch zur Erinnerung aller anderen hier eine wichtige Information:<\/p>\n\n\n\n<p><strong>Am Sonntag, 27. Oktober 2024 verschieben sich die Playlisten-Wechsel bei meinem Radioanbieter (laut.fm) um eine Stunde.<\/strong><\/p>\n\n\n\n<p><em><strong>Warum passiert das?<\/strong><\/em><\/p>\n\n\n\n<p>Die Server bei laut.fm speichern die Programmlisten in so genannten Slots immer f\u00fcr eine Woche &#8211; beginnend mit dem Montag um 0:00 Uhr. Daher bleibt der Sendeplan am Sonntag nach der Zeitumstellung noch in der alten Zeit.<\/p>\n\n\n\n<p><strong><em>Was bedeutet das? <\/em><\/strong><\/p>\n\n\n\n<p>Am o.a. Sonntag werden alle Playlisten ab 03:00 Uhr (bzw. dann 2 Uhr Winterzeit) eine Stunde fr\u00fcher gestartet als im Sendeplan aufgef\u00fchrt. Wundert Euch also nicht, wenn z.B. die 09:00 Uhr Sendung bereits um 08:00 Uhr startet. Wenn Ihr also ein bestimmtes Programm h\u00f6ren m\u00f6chtet, denkt bitte daran. Leider geht das technisch nicht anders. Aber, die gute Nachricht: ab Montag um 0:00 Uhr l\u00e4uft dann wieder alles nach Plan. \ud83d\ude0a<\/p>\n\n\n\n<p>Au\u00dfer dieser \u00c4nderung am Sonntag bleibt also alles andere so, wie Ihr es gerne habt.<\/p>\n\n\n\n<p>Das wollte ich Euch mal eben mitteilen, damit Ihr Bescheid wisst. Bleibt mir und meinen Programmen wohl gesonnen.<\/p>\n\n\n\n<p>Euer DJ Karl-Heinz<\/p>\n\n\n\n<p>Hier geht&#8217;s direkt zu meinen Sendern:<\/p>\n\n\n\n<p><a href=\"https:\/\/stream.laut.fm\/mixx21\">Mixx21<\/a><\/p>\n\n\n\n<p><a href=\"https:\/\/stream.laut.fm\/radio-tempore\">Radio-Tempore<\/a><\/p>\n\n\n\n<p><\/p>\n","protected":false},"excerpt":{"rendered":"<p>Hallo zusammen, am Sonntag wird wieder die Zeit umgestellt (von 03:00 auf 02:00 Uhr). Das bringt f\u00fcr meine beiden Sender eine Ver\u00e4nderung &#8211; aber nur f\u00fcr diesen speziellen Sonntag. Wahrscheinlich kennt Ihr das als Stammh\u00f6rende. Allerdings sind gerade in letzter Zeit einige neue H\u00f6rer und H\u00f6rerinnen hinzugekommen. F\u00fcr diejenigen, die noch nicht so lange dabei [&hellip;]<\/p>\n","protected":false},"author":1,"featured_media":818,"comment_status":"open","ping_status":"open","sticky":false,"template":"","format":"standard","meta":{"saved_in_kubio":false,"advanced_seo_description":"","jetpack_seo_html_title":"","jetpack_seo_noindex":false,"_jetpack_memberships_contains_paid_content":false,"footnotes":"","jetpack_publicize_message":"","jetpack_publicize_feature_enabled":true,"jetpack_social_post_already_shared":false,"jetpack_social_options":{"image_generator_settings":{"template":"highway","default_image_id":0,"font":"","enabled":false},"version":2}},"categories":[1,6,4],"tags":[9,32,10,33],"class_list":["post-819","post","type-post","status-publish","format-standard","has-post-thumbnail","hentry","category-allgemeines","category-programm","category-webradio","tag-mixx21","tag-radio-tempore","tag-webradio","tag-zeitumstellung"],"jetpack_publicize_connections":[],"jetpack_featured_media_url":"https:\/\/radio-tempore.wp-name.de\/wp-content\/uploads\/2024\/10\/Uhrzeit-Umstellung.jpeg","jetpack_likes_enabled":true,"jetpack_sharing_enabled":true,"_links":{"self":[{"href":"https:\/\/radio-tempore.wp-name.de\/index.php\/wp-json\/wp\/v2\/posts\/819","targetHints":{"allow":["GET"]}}],"collection":[{"href":"https:\/\/radio-tempore.wp-name.de\/index.php\/wp-json\/wp\/v2\/posts"}],"about":[{"href":"https:\/\/radio-tempore.wp-name.de\/index.php\/wp-json\/wp\/v2\/types\/post"}],"author":[{"embeddable":true,"href":"https:\/\/radio-tempore.wp-name.de\/index.php\/wp-json\/wp\/v2\/users\/1"}],"replies":[{"embeddable":true,"href":"https:\/\/radio-tempore.wp-name.de\/index.php\/wp-json\/wp\/v2\/comments?post=819"}],"version-history":[{"count":0,"href":"https:\/\/radio-tempore.wp-name.de\/index.php\/wp-json\/wp\/v2\/posts\/819\/revisions"}],"wp:featuredmedia":[{"embeddable":true,"href":"https:\/\/radio-tempore.wp-name.de\/index.php\/wp-json\/wp\/v2\/media\/818"}],"wp:attachment":[{"href":"https:\/\/radio-tempore.wp-name.de\/index.php\/wp-json\/wp\/v2\/media?parent=819"}],"wp:term":[{"taxonomy":"category","embeddable":true,"href":"https:\/\/radio-tempore.wp-name.de\/index.php\/wp-json\/wp\/v2\/categories?post=819"},{"taxonomy":"post_tag","embeddable":true,"href":"https:\/\/radio-tempore.wp-name.de\/index.php\/wp-json\/wp\/v2\/tags?post=819"}],"curies":[{"name":"wp","href":"https:\/\/api.w.org\/{rel}","templated":true}]}}