{"id":710,"date":"2024-04-11T19:24:58","date_gmt":"2024-04-11T17:24:58","guid":{"rendered":"https:\/\/wp801108.luwp-s094.letuswordpress.de\/?p=710"},"modified":"2024-05-08T23:48:54","modified_gmt":"2024-05-08T21:48:54","slug":"esc-2024","status":"publish","type":"post","link":"https:\/\/radio-tempore.wp-name.de\/index.php\/2024\/04\/11\/esc-2024\/","title":{"rendered":"ESC 2024"},"content":{"rendered":"\n<figure class=\"wp-block-image is-style-default\"><img decoding=\"async\" src=\"https:\/\/www.bing.com\/th?id=OSK.8fc8a6a7441067b47a1e8e30347db2cc&amp;pid=cdx&amp;w=320&amp;h=189&amp;c=7&amp;rs=1\" alt=\"Eurovision Song Contest\"\/><\/figure>\n\n\n\n<p><strong>Am 07., 09. und 11. Mai 2024 findet wieder eines der ganz gro\u00dfen Musikwettbewerbe statt: Der 68.(!!) ESC in Malm\u00f6 (Schweden). F\u00fcr Deutschland tritt dieses Mal an: <a href=\"https:\/\/www.eurovision.de\/teilnehmer\/ESC-2024-Isaak-vertritt-Deutschland-in-Malmoe,isaak100.html\">Isaak mit &#8218;Always on the run<\/a>&#8218;. Der Titel l\u00e4uft seit einigen Wochen in meinen beiden Webradios. Mal sehen, wie der Song international bewertet wird. Ich dr\u00fccke die Daumen!<\/strong><\/p>\n\n\n\n<p><strong>Jetzt ist ein guter Moment, um einmal an die Entwicklung dieser Veranstaltung zu denken. Also los:<\/strong><\/p>\n\n\n\n<p>Der <strong>erste Eurovision Song Contest (ESC)<\/strong>, urspr\u00fcnglich bekannt als <strong>Grand Prix Eurovision de la Chanson Europ\u00e9enne<\/strong>, fand <strong>1956 in Lugano, Schweiz<\/strong> statt. Damals nahmen nur sieben L\u00e4nder teil: die Niederlande, die Schweiz, Belgien, Deutschland, Frankreich, Italien und Luxemburg. Der Wettbewerb wurde haupts\u00e4chlich im Radio \u00fcbertragen, da das Fernsehen noch nicht vielen Menschen zug\u00e4nglich war. Seitdem hat sich der ESC zu einem der gr\u00f6\u00dften Musikwettbewerbe der Welt entwickelt und erreicht jedes Jahr mehr als 180 Millionen Zuschauer.<\/p>\n\n\n\n<p><\/p>\n\n\n\n<h2 class=\"wp-block-heading\">Die Idee zum ESC<\/h2>\n\n\n\n<p>Die Idee zu dem Wettstreit hatte damals der Vorsitzende der Programmkommission der EBU ( European Broadcast Union) Marcel Bezen\u00e7on. <\/p>\n\n\n\n<div class=\"wp-block-media-text has-media-on-the-right is-stacked-on-mobile\"><div class=\"wp-block-media-text__content\">\n<p>Damit sollte der <strong>Zusammenhalt zwischen den europ\u00e4ischen Nationen<\/strong> nach dem Zweiten Weltkrieg gest\u00e4rkt werden. &#8222;Der Wettbewerb sollte dazu beitragen, die kulturellen Unterschiede zu \u00fcberbr\u00fccken und die <strong>Freundschaft und Zusammenarbeit zwischen den L\u00e4ndern <\/strong>und somit auch den Frieden zu f\u00f6rdern&#8220;, schreibt &#8218;<a href=\"https:\/\/master-music.de\/blog\/\">master-music.de<\/a>&#8218; in einem Blogbeitrag. Als Vorbild diente das bereits seit 1951 stattfindende, gr\u00f6\u00dfte Musikereignis Italiens: Das San Remo Festival.<\/p>\n<\/div><figure class=\"wp-block-media-text__media\"><img loading=\"lazy\" decoding=\"async\" width=\"220\" height=\"294\" src=\"https:\/\/wp801108.luwp-s094.letuswordpress.de\/wp-content\/uploads\/2024\/04\/Marcel_Bezencon_1980-1.jpg\" alt=\"Der Vorsitzende der Programmkommission der EBU ( European Broadcast Union) Marcel Bezen\u00e7on. (c) wikipedia (en)\" class=\"wp-image-740 size-full\"\/><\/figure><\/div>\n\n\n\n<p>Erinnert Ihr Euch noch, welche Titel in der Vergangenheit als Sieger hervorgingen? Prominentester Titel ist bestimmt &#8218;<strong>Waterloo<\/strong>&#8218; von ABBA. Das ist jetzt genau 50 Jahre her (1974). Oder &#8218;<strong>Merci Ch\u00e9rie<\/strong>&#8218; von Udo J\u00fcrgens (1966). Oder &#8218;<strong>Ein bisschen Frieden<\/strong>&#8218; von Nicole (1982) oder, oder&#8230;.<\/p>\n\n\n\n<h2 class=\"wp-block-heading\">Die Gewinner von Anfang bis heute<\/h2>\n\n\n\n<div class=\"wp-block-media-text is-stacked-on-mobile\"><figure class=\"wp-block-media-text__media\"><img loading=\"lazy\" decoding=\"async\" width=\"200\" height=\"266\" src=\"https:\/\/wp801108.luwp-s094.letuswordpress.de\/wp-content\/uploads\/2024\/04\/Lys_Assia_1957.jpg\" alt=\"Lys Assia\u00a0aus der Schweiz gewann den ersten ESC. (c) wikipedia(en)\" class=\"wp-image-738 size-full\"\/><\/figure><div class=\"wp-block-media-text__content\">\n<p><a href=\"https:\/\/de.wikipedia.org\/wiki\/Eurovision_Song_Contest_1956\" target=\"_blank\" rel=\"noreferrer noopener\"><strong>Lys Assia<\/strong>\u00a0aus der Schweiz gewann den ersten ESC mit dem Lied\u00a0<strong>&#8222;Refrain&#8220;<\/strong><\/a>. Es war ein historischer Moment, der den Beginn eines der gr\u00f6\u00dften Musikwettbewerbe der Welt markierte.<\/p>\n<\/div><\/div>\n\n\n\n<p>Vielleicht m\u00f6chtet Ihr Euch ja mal eine Zusammenstellung aller Gewinner ansehen? Auf der Seite <a href=\"https:\/\/www.eurovision.de\/teilnehmer\/Alle-ESC-Gewinner-von-1956-bis-heute,gewinner380.html\">eurovision.de der ARD<\/a> sind alle Gewinner nach Jahreszahlen aufgelistet. Au\u00dferdem gibt es da auch Links, die zu umfassenden Informationen f\u00fchren. Das ist sehr ausf\u00fchrlich und so umfangreich, dass ich es in meinem Blog hier nur verlinke, weil dieser Beitrag nicht so lang werden soll.<\/p>\n\n\n\n<h2 class=\"wp-block-heading\">Weltstars beim ESC<\/h2>\n\n\n\n<p>Heute scheint es so zu sein, dass das Lied f\u00fcr das Land m\u00f6glichst spektakul\u00e4r vorgestellt werden soll. Das war nicht immer so: In den Anfangsjahren des ESC war nicht die Show, sondern das Lied und die Qualit\u00e4t wichtig. Um aufzufallen, wurden oft Stars der Popmusik als S\u00e4ngerinnen und S\u00e4nger ausgew\u00e4hlt. So traten  viele namhafte Stars auf: Bonnie Tyler, Celine Dion, Nana Mouskouri, Cliff Richard, Vicky Leandros, Julio Iglesias &#8230; F\u00fcr viele Interpreten war dieser Wettbewerb Sprungbrett zu einer gro\u00dfen Karriere. Das gilt nicht nur f\u00fcr Abba, Patricia Kaas, Nicole, Conchita. Auch ein Pausenf\u00fcller von 1994 erlangte Weltruhm: die irische Folklore-Gruppe Riverdance.<\/p>\n\n\n\n<h2 class=\"wp-block-heading\">Die kulturelle Anpassung des ESC<\/h2>\n\n\n\n<ol class=\"wp-block-list\">\n<li><strong>Musikalische Vielfalt<\/strong>:\n<ul class=\"wp-block-list\">\n<li>In den&nbsp;<strong>fr\u00fchen Jahren<\/strong>&nbsp;des ESC dominierten Schlager und traditionelle Lieder. Mit der Zeit \u00f6ffnete sich der Wettbewerb jedoch f\u00fcr eine breitere musikalische Palette.<\/li>\n\n\n\n<li><strong>Pop<\/strong>,&nbsp;<strong>Rock<\/strong>,&nbsp;<strong>Rap<\/strong>,&nbsp;<strong>Ethno-Musik<\/strong>,&nbsp;<strong>Elektropop<\/strong>&nbsp;und andere Genres fanden ihren Weg auf die ESC-B\u00fchne.<\/li>\n<\/ul>\n<\/li>\n\n\n\n<li><strong>Gesellschaftliche Ver\u00e4nderungen<\/strong>:\n<ul class=\"wp-block-list\">\n<li>Der ESC spiegelte die&nbsp;<strong>sozialen und politischen Entwicklungen<\/strong>&nbsp;in Europa wider. In den&nbsp;<strong>1960er Jahren<\/strong>&nbsp;symbolisierte er die zunehmende Liberalisierung und den kulturellen Wandel.<\/li>\n\n\n\n<li>In den&nbsp;<strong>1970er Jahren<\/strong>&nbsp;wurde der ESC zu einem echten&nbsp;<strong>Pop-Ph\u00e4nomen<\/strong>. K\u00fcnstler wie ABBA und ihre Hits ver\u00e4nderten die Musiklandschaft.<\/li>\n<\/ul>\n<\/li>\n\n\n\n<li><strong>Sprachenvielfalt<\/strong>:\n<ul class=\"wp-block-list\">\n<li>Fr\u00fcher wurden die meisten ESC-Beitr\u00e4ge in der&nbsp;<strong>Landessprache<\/strong>&nbsp;gesungen. In den letzten Jahrzehnten hat sich dies ge\u00e4ndert, und viele K\u00fcnstler w\u00e4hlen&nbsp;<strong>Englisch<\/strong>&nbsp;als ihre Sprache f\u00fcr den Wettbewerb.<\/li>\n<\/ul>\n<\/li>\n\n\n\n<li><strong>B\u00fchnenshows und Inszenierung<\/strong>:\n<ul class=\"wp-block-list\">\n<li>Die&nbsp;<strong>Inszenierung<\/strong>&nbsp;der Auftritte wurde immer wichtiger. K\u00fcnstler nutzen aufw\u00e4ndige&nbsp;<strong>B\u00fchneneffekte<\/strong>,&nbsp;<strong>Kost\u00fcme<\/strong>&nbsp;und&nbsp;<strong>Choreografien<\/strong>, um die Zuschauer zu beeindrucken.<\/li>\n<\/ul>\n<\/li>\n\n\n\n<li><strong>LGBTQ\u00b1Repr\u00e4sentation<\/strong>:\n<ul class=\"wp-block-list\">\n<li>Der ESC hat eine lange Tradition der&nbsp;<strong>LGBTQ\u00b1Repr\u00e4sentation<\/strong>. Viele K\u00fcnstler haben ihre sexuelle Identit\u00e4t offen gelebt und damit zur Akzeptanz beigetragen.<\/li>\n<\/ul>\n<\/li>\n\n\n\n<li><strong>Kontroverse und politische Botschaften<\/strong>:\n<ul class=\"wp-block-list\">\n<li>Einige ESC-Beitr\u00e4ge waren politisch aufgeladen und haben&nbsp;<strong>Kontroversen<\/strong>&nbsp;ausgel\u00f6st. Zum Beispiel der Sieg von&nbsp;<strong>Conchita Wurst<\/strong>&nbsp;(\u00d6sterreich) im Jahr 2014.<\/li>\n<\/ul>\n<\/li>\n<\/ol>\n\n\n\n<p>Insgesamt ist der ESC ein faszinierendes Fenster in die europ\u00e4ische Kultur und Musikgeschichte, das sich st\u00e4ndig weiterentwickelt und anpasst. Sofern den Veranstaltern nicht das Geld ausgeht, sieht die Zukunft f\u00fcr diesen ESC positiv aus.<\/p>\n\n\n\n<p><strong>So, das soll reichen. Wenn ich mal ans Plaudern komme&#8230; . Vielen Dank f\u00fcr das Lesen und bis zum n\u00e4chsten Blog.<\/strong><\/p>\n\n\n\n<p><strong>Euer DJ<\/strong><\/p>\n","protected":false},"excerpt":{"rendered":"<p>Der erste Eurovision Song Contest (ESC), urspr\u00fcnglich bekannt als Grand Prix Eurovision de la Chanson Europ\u00e9enne, fand 1956 in Lugano, Schweiz statt. Damals nahmen nur sieben L\u00e4nder teil: die Niederlande, die Schweiz, Belgien, Deutschland, Frankreich, Italien und Luxemburg. Der Wettbewerb wurde haupts\u00e4chlich im Radio \u00fcbertragen, da das Fernsehen noch nicht vielen Menschen zug\u00e4nglich war. <\/p>\n","protected":false},"author":1,"featured_media":0,"comment_status":"open","ping_status":"open","sticky":false,"template":"","format":"standard","meta":{"saved_in_kubio":false,"advanced_seo_description":"","jetpack_seo_html_title":"","jetpack_seo_noindex":false,"_jetpack_memberships_contains_paid_content":false,"footnotes":"","jetpack_publicize_message":"","jetpack_publicize_feature_enabled":true,"jetpack_social_post_already_shared":false,"jetpack_social_options":{"image_generator_settings":{"template":"highway","default_image_id":0,"font":"","enabled":false},"version":2}},"categories":[1,27],"tags":[31],"class_list":["post-710","post","type-post","status-publish","format-standard","hentry","category-allgemeines","category-geschichte","tag-esc"],"jetpack_publicize_connections":[],"jetpack_featured_media_url":"","jetpack_likes_enabled":true,"jetpack_sharing_enabled":true,"_links":{"self":[{"href":"https:\/\/radio-tempore.wp-name.de\/index.php\/wp-json\/wp\/v2\/posts\/710","targetHints":{"allow":["GET"]}}],"collection":[{"href":"https:\/\/radio-tempore.wp-name.de\/index.php\/wp-json\/wp\/v2\/posts"}],"about":[{"href":"https:\/\/radio-tempore.wp-name.de\/index.php\/wp-json\/wp\/v2\/types\/post"}],"author":[{"embeddable":true,"href":"https:\/\/radio-tempore.wp-name.de\/index.php\/wp-json\/wp\/v2\/users\/1"}],"replies":[{"embeddable":true,"href":"https:\/\/radio-tempore.wp-name.de\/index.php\/wp-json\/wp\/v2\/comments?post=710"}],"version-history":[{"count":0,"href":"https:\/\/radio-tempore.wp-name.de\/index.php\/wp-json\/wp\/v2\/posts\/710\/revisions"}],"wp:attachment":[{"href":"https:\/\/radio-tempore.wp-name.de\/index.php\/wp-json\/wp\/v2\/media?parent=710"}],"wp:term":[{"taxonomy":"category","embeddable":true,"href":"https:\/\/radio-tempore.wp-name.de\/index.php\/wp-json\/wp\/v2\/categories?post=710"},{"taxonomy":"post_tag","embeddable":true,"href":"https:\/\/radio-tempore.wp-name.de\/index.php\/wp-json\/wp\/v2\/tags?post=710"}],"curies":[{"name":"wp","href":"https:\/\/api.w.org\/{rel}","templated":true}]}}