{"id":523,"date":"2023-03-21T20:13:34","date_gmt":"2023-03-21T19:13:34","guid":{"rendered":"https:\/\/wp801108.luwp-s094.letuswordpress.de\/?p=523"},"modified":"2024-03-17T21:42:34","modified_gmt":"2024-03-17T20:42:34","slug":"zeitumstellung-sommerzeit","status":"publish","type":"post","link":"https:\/\/radio-tempore.wp-name.de\/index.php\/2023\/03\/21\/zeitumstellung-sommerzeit\/","title":{"rendered":"Zeitumstellung &#8211; Sommerzeit"},"content":{"rendered":"\n<div class=\"wp-block-media-text alignwide is-stacked-on-mobile\"><figure class=\"wp-block-media-text__media\"><img loading=\"lazy\" decoding=\"async\" width=\"1024\" height=\"630\" src=\"https:\/\/wp801108.luwp-s094.letuswordpress.de\/wp-content\/uploads\/2023\/03\/Zeitumstellung-1024x630.jpg\" alt=\"\" class=\"wp-image-524 size-full\" srcset=\"https:\/\/radio-tempore.wp-name.de\/wp-content\/uploads\/2023\/03\/Zeitumstellung-1024x630.jpg 1024w, https:\/\/radio-tempore.wp-name.de\/wp-content\/uploads\/2023\/03\/Zeitumstellung-300x185.jpg 300w, https:\/\/radio-tempore.wp-name.de\/wp-content\/uploads\/2023\/03\/Zeitumstellung-768x473.jpg 768w, https:\/\/radio-tempore.wp-name.de\/wp-content\/uploads\/2023\/03\/Zeitumstellung-1536x946.jpg 1536w, https:\/\/radio-tempore.wp-name.de\/wp-content\/uploads\/2023\/03\/Zeitumstellung.jpg 1920w\" sizes=\"(max-width: 1024px) 100vw, 1024px\" \/><\/figure><div class=\"wp-block-media-text__content\">\n<p>In Europa wird auch in diesem Jahr wieder die Zeit ge\u00e4ndert. <a href=\"https:\/\/www.timeanddate.de\/stadt\/zeitumstellung\/deutschland?year=2024\" target=\"_blank\" rel=\"noreferrer noopener\">Die Uhren werden am letzten Sonntag im M\u00e4rz um eine Stunde vorgestellt und am letzten Sonntag im Oktober um eine Stunde zur\u00fcckgedreht<\/a>. <\/p>\n\n\n\n<p>Das bedeutet, dass am <strong>Sonntag, den 31. M\u00e4rz 2024<\/strong> die Uhren von\u00a0<strong>02:00:00 (Normalzeit)<\/strong>\u00a0auf\u00a0<strong>03:00:00 (Sommerzeit)<\/strong>\u00a0vorgestellt werden. <\/p>\n\n\n\n<p>Das hat leider Auswirkungen auf meinen Sendeplan. Sonntag l\u00e4uft auf beiden Stationen Mixx21 und Radio-Tempore ein AutoDJ. Das sind ganz einfach gesagt, automatisch gestartete Playlists.<\/p>\n<\/div><\/div>\n\n\n\n<p>Und hier beginnt ein kleines Problem: Systembedingt kann der Provider &#8218;laut.fm&#8216; erst am Montag um 00:00 Uhr die Sendepl\u00e4ne f\u00fcr die Woche laden, sodass am Sonntag ab 02.00 Uhr meine Sendungen eine Stunde sp\u00e4ter beginnen, als im Sendeplan ausgedruckt. Einfaches Beispiel: Beim Start der 10:00 Uhr Sendung ist es bereits 11:00 Uhr Sommerzeit. Leider ist das nicht zu \u00e4ndern und gilt auch nur f\u00fcr den 31. M\u00e4rz 2024. Ab Montag ist dann aber alles wieder so, wie vorgesehen &#8211; bis zur Umstellung auf Normalzeit im Herbst (27. Oktober 2024).<\/p>\n","protected":false},"excerpt":{"rendered":"<p>In Europa wird auch in diesem Jahr wieder die Zeit ge\u00e4ndert. Die Uhren werden am letzten Sonntag im M\u00e4rz um eine Stunde vorgestellt und am letzten Sonntag im Oktober um eine Stunde zur\u00fcckgedreht. Das bedeutet, dass am Sonntag, den 31. M\u00e4rz 2024 die Uhren von\u00a002:00:00 (Normalzeit)\u00a0auf\u00a003:00:00 (Sommerzeit)\u00a0vorgestellt werden. Das hat leider Auswirkungen auf meinen Sendeplan. [&hellip;]<\/p>\n","protected":false},"author":1,"featured_media":0,"comment_status":"open","ping_status":"open","sticky":false,"template":"","format":"standard","meta":{"saved_in_kubio":false,"advanced_seo_description":"","jetpack_seo_html_title":"","jetpack_seo_noindex":false,"_jetpack_memberships_contains_paid_content":false,"footnotes":"","jetpack_publicize_message":"","jetpack_publicize_feature_enabled":true,"jetpack_social_post_already_shared":false,"jetpack_social_options":{"image_generator_settings":{"template":"highway","default_image_id":0,"font":"","enabled":false},"version":2}},"categories":[1],"tags":[],"class_list":["post-523","post","type-post","status-publish","format-standard","hentry","category-allgemeines"],"jetpack_publicize_connections":[],"jetpack_featured_media_url":"","jetpack_likes_enabled":true,"jetpack_sharing_enabled":true,"_links":{"self":[{"href":"https:\/\/radio-tempore.wp-name.de\/index.php\/wp-json\/wp\/v2\/posts\/523","targetHints":{"allow":["GET"]}}],"collection":[{"href":"https:\/\/radio-tempore.wp-name.de\/index.php\/wp-json\/wp\/v2\/posts"}],"about":[{"href":"https:\/\/radio-tempore.wp-name.de\/index.php\/wp-json\/wp\/v2\/types\/post"}],"author":[{"embeddable":true,"href":"https:\/\/radio-tempore.wp-name.de\/index.php\/wp-json\/wp\/v2\/users\/1"}],"replies":[{"embeddable":true,"href":"https:\/\/radio-tempore.wp-name.de\/index.php\/wp-json\/wp\/v2\/comments?post=523"}],"version-history":[{"count":0,"href":"https:\/\/radio-tempore.wp-name.de\/index.php\/wp-json\/wp\/v2\/posts\/523\/revisions"}],"wp:attachment":[{"href":"https:\/\/radio-tempore.wp-name.de\/index.php\/wp-json\/wp\/v2\/media?parent=523"}],"wp:term":[{"taxonomy":"category","embeddable":true,"href":"https:\/\/radio-tempore.wp-name.de\/index.php\/wp-json\/wp\/v2\/categories?post=523"},{"taxonomy":"post_tag","embeddable":true,"href":"https:\/\/radio-tempore.wp-name.de\/index.php\/wp-json\/wp\/v2\/tags?post=523"}],"curies":[{"name":"wp","href":"https:\/\/api.w.org\/{rel}","templated":true}]}}