{"id":369,"date":"2022-10-17T23:35:29","date_gmt":"2022-10-17T21:35:29","guid":{"rendered":"https:\/\/wp801108.luwp-s094.letuswordpress.de\/?p=369"},"modified":"2022-10-17T23:35:30","modified_gmt":"2022-10-17T21:35:30","slug":"halloween-2022","status":"publish","type":"post","link":"https:\/\/radio-tempore.wp-name.de\/index.php\/2022\/10\/17\/halloween-2022\/","title":{"rendered":"Halloween 2022"},"content":{"rendered":"\n<div class=\"wp-block-media-text alignwide is-stacked-on-mobile is-vertically-aligned-top\"><figure class=\"wp-block-media-text__media\"><img loading=\"lazy\" decoding=\"async\" width=\"1024\" height=\"798\" src=\"https:\/\/wp801108.luwp-s094.letuswordpress.de\/wp-content\/uploads\/2022\/10\/Halloween-Hexenhaus-1635770_1920-1024x798.jpg\" alt=\"\" class=\"wp-image-373 size-full\" srcset=\"https:\/\/radio-tempore.wp-name.de\/wp-content\/uploads\/2022\/10\/Halloween-Hexenhaus-1635770_1920-1024x798.jpg 1024w, https:\/\/radio-tempore.wp-name.de\/wp-content\/uploads\/2022\/10\/Halloween-Hexenhaus-1635770_1920-300x234.jpg 300w, https:\/\/radio-tempore.wp-name.de\/wp-content\/uploads\/2022\/10\/Halloween-Hexenhaus-1635770_1920-768x598.jpg 768w, https:\/\/radio-tempore.wp-name.de\/wp-content\/uploads\/2022\/10\/Halloween-Hexenhaus-1635770_1920-1536x1197.jpg 1536w, https:\/\/radio-tempore.wp-name.de\/wp-content\/uploads\/2022\/10\/Halloween-Hexenhaus-1635770_1920.jpg 1920w\" sizes=\"(max-width: 1024px) 100vw, 1024px\" \/><\/figure><div class=\"wp-block-media-text__content\">\n<p><strong>Am 31. Oktober ist wieder offizieller Gruseltag!<\/strong> <\/p>\n\n\n\n<p>Wenn am letzten Tag im Oktober sich die Dunkelheit langsam ausstreckt, wenn die ersten Kinderstimmen nach S\u00fc\u00dfem rufen und saure Konsequenzen androhen falls es nichts gibt, dann ist das erst der Anfang eines gruseligen Abends:<\/p>\n<\/div><\/div>\n\n\n\n<p>Die Halloween-Nacht beginnt und der Horror wird kommen. Dein Webradio kann gar nicht anders, und wird Halloween-Hits aus vielen Jahrzehnten spielen.<\/p>\n\n\n\n<figure class=\"wp-block-image size-full is-resized is-style-default\"><img loading=\"lazy\" decoding=\"async\" src=\"https:\/\/wp801108.luwp-s094.letuswordpress.de\/wp-content\/uploads\/2022\/10\/Text-Halloween.bmp\" alt=\"\" class=\"wp-image-370\" width=\"653\" height=\"89\" srcset=\"https:\/\/radio-tempore.wp-name.de\/wp-content\/uploads\/2022\/10\/Text-Halloween.bmp 549w, https:\/\/radio-tempore.wp-name.de\/wp-content\/uploads\/2022\/10\/Text-Halloween-300x42.jpg 300w\" sizes=\"(max-width: 653px) 100vw, 653px\" \/><\/figure>\n\n\n\n<p>Seid Ihr dabei? Ihr m\u00fcsst Euch nur trauen. Wenn nicht, dann&nbsp;&nbsp; \u2026..&nbsp; Naja: schade w\u00e4r\u2019s.<\/p>\n\n\n\n<p>\u00dcbrigens: Halloween wird schon sehr lange immer\u00a0am 31. Oktober &#8211; dem Abend vor dem Feiertag\u00a0Allerheiligen &#8211; begangen.  Die Bezeichnung &#8218;Halloween&#8216; kommt aus dem Englischen &#8218;All Hallows\u2018 Evening&#8216;. \u00dcbersetzt bedeutet das: \u201eder Abend vor Allerheiligen\u201c.<\/p>\n\n\n\n<p>Viele meinen, dass der Brauch \u00fcber den gro\u00dfen Teich aus Amerika zu uns gekommen ist. Das stimmt nicht: Halloween kommt urspr\u00fcnglich aus Irland, wo die Ureinwohner, die Kelten, schon vor vielen hundert Jahren dieses Fest feierten. Sie glaubten, dass die Toten am Abend des 31. Oktobers zur\u00fcck auf die Erde kamen um den Lebenden Streiche zu spielen. Die Kelten zogen sich meist gruselige Kost\u00fcme an, damit die Toten dann an ihnen vorbeigehen und sie nicht als Lebende erkennen.<\/p>\n","protected":false},"excerpt":{"rendered":"<p>Am 31. Oktober ist wieder offizieller Gruseltag! Wenn am letzten Tag im Oktober sich die Dunkelheit langsam ausstreckt, wenn die ersten Kinderstimmen nach S\u00fc\u00dfem rufen und saure Konsequenzen androhen falls es nichts gibt, dann ist das erst der Anfang eines gruseligen Abends: Die Halloween-Nacht beginnt und der Horror wird kommen. Dein Webradio kann gar nicht [&hellip;]<\/p>\n","protected":false},"author":1,"featured_media":0,"comment_status":"open","ping_status":"open","sticky":false,"template":"","format":"standard","meta":{"saved_in_kubio":false,"advanced_seo_description":"","jetpack_seo_html_title":"","jetpack_seo_noindex":false,"_jetpack_memberships_contains_paid_content":false,"footnotes":"","jetpack_publicize_message":"","jetpack_publicize_feature_enabled":true,"jetpack_social_post_already_shared":false,"jetpack_social_options":{"image_generator_settings":{"template":"highway","default_image_id":0,"font":"","enabled":false},"version":2}},"categories":[7,6],"tags":[],"class_list":["post-369","post","type-post","status-publish","format-standard","hentry","category-hoertipps","category-programm"],"jetpack_publicize_connections":[],"jetpack_featured_media_url":"","jetpack_likes_enabled":true,"jetpack_sharing_enabled":true,"_links":{"self":[{"href":"https:\/\/radio-tempore.wp-name.de\/index.php\/wp-json\/wp\/v2\/posts\/369","targetHints":{"allow":["GET"]}}],"collection":[{"href":"https:\/\/radio-tempore.wp-name.de\/index.php\/wp-json\/wp\/v2\/posts"}],"about":[{"href":"https:\/\/radio-tempore.wp-name.de\/index.php\/wp-json\/wp\/v2\/types\/post"}],"author":[{"embeddable":true,"href":"https:\/\/radio-tempore.wp-name.de\/index.php\/wp-json\/wp\/v2\/users\/1"}],"replies":[{"embeddable":true,"href":"https:\/\/radio-tempore.wp-name.de\/index.php\/wp-json\/wp\/v2\/comments?post=369"}],"version-history":[{"count":0,"href":"https:\/\/radio-tempore.wp-name.de\/index.php\/wp-json\/wp\/v2\/posts\/369\/revisions"}],"wp:attachment":[{"href":"https:\/\/radio-tempore.wp-name.de\/index.php\/wp-json\/wp\/v2\/media?parent=369"}],"wp:term":[{"taxonomy":"category","embeddable":true,"href":"https:\/\/radio-tempore.wp-name.de\/index.php\/wp-json\/wp\/v2\/categories?post=369"},{"taxonomy":"post_tag","embeddable":true,"href":"https:\/\/radio-tempore.wp-name.de\/index.php\/wp-json\/wp\/v2\/tags?post=369"}],"curies":[{"name":"wp","href":"https:\/\/api.w.org\/{rel}","templated":true}]}}