{"id":300,"date":"2022-07-04T20:24:20","date_gmt":"2022-07-04T18:24:20","guid":{"rendered":"https:\/\/wp801108.luwp-s094.letuswordpress.de\/?p=300"},"modified":"2022-12-28T23:45:31","modified_gmt":"2022-12-28T22:45:31","slug":"maedelsabend-bei-radio-tempore","status":"publish","type":"post","link":"https:\/\/radio-tempore.wp-name.de\/index.php\/2022\/07\/04\/maedelsabend-bei-radio-tempore\/","title":{"rendered":"M\u00e4delsabend bei Radio-Tempore"},"content":{"rendered":"\n<div class=\"wp-block-media-text alignwide is-stacked-on-mobile\"><figure class=\"wp-block-media-text__media\"><img loading=\"lazy\" decoding=\"async\" width=\"1024\" height=\"678\" src=\"https:\/\/wp801108.luwp-s094.letuswordpress.de\/wp-content\/uploads\/2022\/07\/Maedelsabend-1024x678.jpg\" alt=\"\" class=\"wp-image-301 size-full\" srcset=\"https:\/\/radio-tempore.wp-name.de\/wp-content\/uploads\/2022\/07\/Maedelsabend-1024x678.jpg 1024w, https:\/\/radio-tempore.wp-name.de\/wp-content\/uploads\/2022\/07\/Maedelsabend-300x199.jpg 300w, https:\/\/radio-tempore.wp-name.de\/wp-content\/uploads\/2022\/07\/Maedelsabend-768x508.jpg 768w, https:\/\/radio-tempore.wp-name.de\/wp-content\/uploads\/2022\/07\/Maedelsabend-1536x1017.jpg 1536w, https:\/\/radio-tempore.wp-name.de\/wp-content\/uploads\/2022\/07\/Maedelsabend.jpg 1920w\" sizes=\"(max-width: 1024px) 100vw, 1024px\" \/><\/figure><div class=\"wp-block-media-text__content\">\n<p>Ein ganzer Abend nur mit Musik von S\u00e4ngerinnen und Musikerinnen. Vielleicht ein Grund, mal wieder die Freundinnen zum Plaudern, L\u00e4stern und Spa\u00dfhaben einzuladen? Die Musik kommt von Radio-Tempore.<\/p>\n<\/div><\/div>\n\n\n\n<p class=\"has-luminous-vivid-amber-background-color has-background\"><strong>Immer am ersten Sonntag des Monats von 19:00 bis 23:00 Uhr.<\/strong><\/p>\n","protected":false},"excerpt":{"rendered":"<p>Ein ganzer Abend nur mit Musik von S\u00e4ngerinnen und Musikerinnen. Vielleicht ein Grund, mal wieder die Freundinnen zum Plaudern, L\u00e4stern und Spa\u00dfhaben einzuladen? Die Musik kommt von Radio-Tempore. Immer am ersten Sonntag des Monats von 19:00 bis 23:00 Uhr.<\/p>\n","protected":false},"author":1,"featured_media":0,"comment_status":"open","ping_status":"open","sticky":false,"template":"","format":"standard","meta":{"saved_in_kubio":false,"advanced_seo_description":"","jetpack_seo_html_title":"","jetpack_seo_noindex":false,"_jetpack_memberships_contains_paid_content":false,"footnotes":"","jetpack_publicize_message":"","jetpack_publicize_feature_enabled":true,"jetpack_social_post_already_shared":false,"jetpack_social_options":{"image_generator_settings":{"template":"highway","default_image_id":0,"font":"","enabled":false},"version":2}},"categories":[7,6],"tags":[],"class_list":["post-300","post","type-post","status-publish","format-standard","hentry","category-hoertipps","category-programm"],"jetpack_publicize_connections":[],"jetpack_featured_media_url":"","jetpack_likes_enabled":true,"jetpack_sharing_enabled":true,"_links":{"self":[{"href":"https:\/\/radio-tempore.wp-name.de\/index.php\/wp-json\/wp\/v2\/posts\/300","targetHints":{"allow":["GET"]}}],"collection":[{"href":"https:\/\/radio-tempore.wp-name.de\/index.php\/wp-json\/wp\/v2\/posts"}],"about":[{"href":"https:\/\/radio-tempore.wp-name.de\/index.php\/wp-json\/wp\/v2\/types\/post"}],"author":[{"embeddable":true,"href":"https:\/\/radio-tempore.wp-name.de\/index.php\/wp-json\/wp\/v2\/users\/1"}],"replies":[{"embeddable":true,"href":"https:\/\/radio-tempore.wp-name.de\/index.php\/wp-json\/wp\/v2\/comments?post=300"}],"version-history":[{"count":0,"href":"https:\/\/radio-tempore.wp-name.de\/index.php\/wp-json\/wp\/v2\/posts\/300\/revisions"}],"wp:attachment":[{"href":"https:\/\/radio-tempore.wp-name.de\/index.php\/wp-json\/wp\/v2\/media?parent=300"}],"wp:term":[{"taxonomy":"category","embeddable":true,"href":"https:\/\/radio-tempore.wp-name.de\/index.php\/wp-json\/wp\/v2\/categories?post=300"},{"taxonomy":"post_tag","embeddable":true,"href":"https:\/\/radio-tempore.wp-name.de\/index.php\/wp-json\/wp\/v2\/tags?post=300"}],"curies":[{"name":"wp","href":"https:\/\/api.w.org\/{rel}","templated":true}]}}