{"id":194,"date":"2023-01-05T22:13:03","date_gmt":"2023-01-05T21:13:03","guid":{"rendered":"https:\/\/wp801108.luwp-s094.letuswordpress.de\/?p=194"},"modified":"2024-10-20T22:53:20","modified_gmt":"2024-10-20T20:53:20","slug":"spezimixx-konzertgitarre","status":"publish","type":"post","link":"https:\/\/radio-tempore.wp-name.de\/index.php\/2023\/01\/05\/spezimixx-konzertgitarre\/","title":{"rendered":"SpeziMixx Konzertgitarre"},"content":{"rendered":"\n<figure class=\"wp-block-image size-large is-style-default\"><img loading=\"lazy\" decoding=\"async\" width=\"1024\" height=\"683\" src=\"https:\/\/wp801108.luwp-s094.letuswordpress.de\/wp-content\/uploads\/2022\/05\/guitar-5580998_1920-1024x683.jpg\" alt=\"\" class=\"wp-image-195\" srcset=\"https:\/\/radio-tempore.wp-name.de\/wp-content\/uploads\/2022\/05\/guitar-5580998_1920-1024x683.jpg 1024w, https:\/\/radio-tempore.wp-name.de\/wp-content\/uploads\/2022\/05\/guitar-5580998_1920-300x200.jpg 300w, https:\/\/radio-tempore.wp-name.de\/wp-content\/uploads\/2022\/05\/guitar-5580998_1920-768x512.jpg 768w, https:\/\/radio-tempore.wp-name.de\/wp-content\/uploads\/2022\/05\/guitar-5580998_1920-1536x1024.jpg 1536w, https:\/\/radio-tempore.wp-name.de\/wp-content\/uploads\/2022\/05\/guitar-5580998_1920.jpg 1920w\" sizes=\"(max-width: 1024px) 100vw, 1024px\" \/><figcaption class=\"wp-element-caption\"> <h4><strong><mark style=\"background-color:#0693e3\" class=\"has-inline-color has-white-color\">Jeden Donnerstag von 20:00 Uhr bis 21:00 Uhr und jeden Samstag von 14:00 Uhr bis 15:00 Uhr bei Mixx21<\/mark><\/strong><\/h4> <\/figcaption><\/figure>\n\n\n\n<p>Es gibt viele Bezeichnungen f\u00fcr diese Form der Gitarre: Klassische Gitarre, Konzertgitarre oder auch Spanische Gitarre. Auch wenn sie in der Popmusik Verwendung finden, so ist ihr Einsatz-Schwerpunkt in der klassischen Kammermusik, im spanischen Flamenco oder der s\u00fcdamerikanischen Volksmusik.<\/p>\n\n\n\n<p>Die meisten Virtuosen spielen Musikst\u00fccke auf der Konzertgitarre, die urspr\u00fcnglich nicht f\u00fcr dieses Instrument geschrieben wurden. Es handelt sich um neu arrangierte, der Gitarre angepasste St\u00fccke.<\/p>\n\n\n\n<p>Leider findet diese Musik nach meiner Meinung nicht die Beachtung, die sie verdient. Vielleicht liegt es auch daran, dass im Radio so wenig davon zu h\u00f6ren ist? Bei uns soll es f\u00fcr diese Musik Platz geben. Vielleicht entdeckt Ihr ja ein paar neue Lieblingslieder. Mixx21 spielt in diesem SpeziMixx Musik von den ganz gro\u00dfen Virtuosen, aber auch von weniger bekannten guten Gitarristen.<\/p>\n\n\n\n<p><em><strong>Heute im SpeziMixx<\/strong><\/em><strong> <\/strong>Musik von #Bach , #Schubert , #T\u00e1rrega , #Ponce u.v.a.<\/p>\n\n\n\n<p><\/p>\n","protected":false},"excerpt":{"rendered":"<p>Es gibt viele Bezeichnungen f\u00fcr diese Form der Gitarre: Klassische Gitarre, Konzertgitarre oder auch Spanische Gitarre. Auch wenn sie in der Popmusik Verwendung finden, so ist ihr Einsatz-Schwerpunkt in der klassischen Kammermusik, im spanischen Flamenco oder der s\u00fcdamerikanischen Volksmusik. Die meisten Virtuosen spielen Musikst\u00fccke auf der Konzertgitarre, die urspr\u00fcnglich nicht f\u00fcr dieses Instrument geschrieben wurden. [&hellip;]<\/p>\n","protected":false},"author":1,"featured_media":816,"comment_status":"open","ping_status":"open","sticky":false,"template":"","format":"standard","meta":{"saved_in_kubio":false,"advanced_seo_description":"","jetpack_seo_html_title":"","jetpack_seo_noindex":false,"_jetpack_memberships_contains_paid_content":false,"footnotes":"","jetpack_publicize_message":"","jetpack_publicize_feature_enabled":true,"jetpack_social_post_already_shared":false,"jetpack_social_options":{"image_generator_settings":{"template":"highway","default_image_id":0,"font":"","enabled":false},"version":2}},"categories":[7,6],"tags":[],"class_list":["post-194","post","type-post","status-publish","format-standard","has-post-thumbnail","hentry","category-hoertipps","category-programm"],"jetpack_publicize_connections":[],"jetpack_featured_media_url":"https:\/\/radio-tempore.wp-name.de\/wp-content\/uploads\/2024\/08\/ai-generated-8390601_1280.jpg","jetpack_likes_enabled":true,"jetpack_sharing_enabled":true,"_links":{"self":[{"href":"https:\/\/radio-tempore.wp-name.de\/index.php\/wp-json\/wp\/v2\/posts\/194","targetHints":{"allow":["GET"]}}],"collection":[{"href":"https:\/\/radio-tempore.wp-name.de\/index.php\/wp-json\/wp\/v2\/posts"}],"about":[{"href":"https:\/\/radio-tempore.wp-name.de\/index.php\/wp-json\/wp\/v2\/types\/post"}],"author":[{"embeddable":true,"href":"https:\/\/radio-tempore.wp-name.de\/index.php\/wp-json\/wp\/v2\/users\/1"}],"replies":[{"embeddable":true,"href":"https:\/\/radio-tempore.wp-name.de\/index.php\/wp-json\/wp\/v2\/comments?post=194"}],"version-history":[{"count":0,"href":"https:\/\/radio-tempore.wp-name.de\/index.php\/wp-json\/wp\/v2\/posts\/194\/revisions"}],"wp:featuredmedia":[{"embeddable":true,"href":"https:\/\/radio-tempore.wp-name.de\/index.php\/wp-json\/wp\/v2\/media\/816"}],"wp:attachment":[{"href":"https:\/\/radio-tempore.wp-name.de\/index.php\/wp-json\/wp\/v2\/media?parent=194"}],"wp:term":[{"taxonomy":"category","embeddable":true,"href":"https:\/\/radio-tempore.wp-name.de\/index.php\/wp-json\/wp\/v2\/categories?post=194"},{"taxonomy":"post_tag","embeddable":true,"href":"https:\/\/radio-tempore.wp-name.de\/index.php\/wp-json\/wp\/v2\/tags?post=194"}],"curies":[{"name":"wp","href":"https:\/\/api.w.org\/{rel}","templated":true}]}}