{"id":1629,"date":"2026-04-28T23:22:01","date_gmt":"2026-04-28T21:22:01","guid":{"rendered":"https:\/\/radio-tempore.wp-name.de\/?p=1629"},"modified":"2026-04-30T19:24:07","modified_gmt":"2026-04-30T17:24:07","slug":"sarah-engels-die-stimme-fuer-deutschland-beim-esc-2026-in-wien","status":"publish","type":"post","link":"https:\/\/radio-tempore.wp-name.de\/index.php\/2026\/04\/28\/sarah-engels-die-stimme-fuer-deutschland-beim-esc-2026-in-wien\/","title":{"rendered":"Sarah Engels &#8211; Die Stimme f\u00fcr Deutschland beim ESC 2026 in Wien"},"content":{"rendered":"\n<p>Der&nbsp;<strong>70. Eurovision Song Contest 2026<\/strong>&nbsp;findet in&nbsp;<strong>Wien<\/strong>&nbsp;statt. \u00d6sterreich ist bereits zum dritten Mal das ausrichtende Land nach 1967 und 2015. Das gro\u00dfe Finale findet am 16. Mai 2026 statt. Die Semi-Finals werden in derselben Woche am 12. und 14. Mai ausgetragen.&nbsp;Bislang haben 33 L\u00e4nder ihre Teilnahme best\u00e4tigt.<\/p>\n\n\n\n<p>F\u00fcr Deutschland tritt <strong>Sarah Engels<\/strong> mit dem Titel &#8222;<strong>Fire<\/strong>&#8220; an. Ich dr\u00fccke ihr ganz feste die Daumen.<\/p>\n\n\n\n<figure class=\"wp-block-embed is-type-video is-provider-youtube wp-block-embed-youtube wp-embed-aspect-16-9 wp-has-aspect-ratio\"><div class=\"wp-block-embed__wrapper\">\n<iframe loading=\"lazy\" title=\"Sarah Engels - Fire | Germany \ud83c\udde9\ud83c\uddea | Official Music Video | #Eurovision2026\" width=\"900\" height=\"506\" src=\"https:\/\/www.youtube.com\/embed\/AzvRc3eH_rA?feature=oembed\" frameborder=\"0\" allow=\"accelerometer; autoplay; clipboard-write; encrypted-media; gyroscope; picture-in-picture; web-share\" referrerpolicy=\"strict-origin-when-cross-origin\" allowfullscreen><\/iframe>\n<\/div><\/figure>\n\n\n\n<p><\/p>\n\n\n\n<p>Sarah Engels ist 2011 durch ihre Teilnahme an \u201eDeutschland sucht den Superstar\u201c einem Millionenpublikum bekannt geworden. Damals urteilte Dieter Bohlen \u00fcber sie: &#8222;<em>Du bist ein musikalisches Funkenmariechen. Da spr\u00fchen die Funken.<\/em>&#8220; <\/p>\n\n\n\n<p>Mit ihrer Deb\u00fctsingle \u201eCall My Name\u201c und dem dazugeh\u00f6rigen Album \u201eHeartbeat\u201c schoss die S\u00e4ngerin damals sofort auf Spitzenpl\u00e4tze in den Charts \u2013 zudem erhielt sie eine Echo-Nominierung.<\/p>\n\n\n\n<p>Geboren wurde sie in K\u00f6ln, wo sie auch lange Zeit mit ihren Eltern und einem j\u00fcngeren Bruder in H\u00fcrth gelebt hat. Sie ist verheiratet mit dem Fu\u00dfballer Julian B\u00fcscher. Als Familiennamen tragen sie Sarahs Geburtsnamen. Die beiden haben einen Sohn.<\/p>\n\n\n\n<figure class=\"wp-block-embed is-type-video is-provider-youtube wp-block-embed-youtube wp-embed-aspect-4-3 wp-has-aspect-ratio\"><div class=\"wp-block-embed__wrapper\">\n<iframe loading=\"lazy\" title=\"Sarah Engels - Call my name\" width=\"900\" height=\"675\" src=\"https:\/\/www.youtube.com\/embed\/KqU8IN5qcJY?feature=oembed\" frameborder=\"0\" allow=\"accelerometer; autoplay; clipboard-write; encrypted-media; gyroscope; picture-in-picture; web-share\" referrerpolicy=\"strict-origin-when-cross-origin\" allowfullscreen><\/iframe>\n<\/div><\/figure>\n\n\n\n<p><\/p>\n\n\n\n<h3 class=\"wp-block-heading\"><strong>Weitere Erfolge zum Beispiel beim Backen, Singen, Tanzen<\/strong><\/h3>\n\n\n\n<p>Ihre Vielseitigkeit macht Sarah Engels zu einer der gefragtesten K\u00fcnstlerinnen Deutschlands: vom zweiten Platz bei \u201eLet\u2019s Dance\u201c \u00fcber ihre Siege bei \u201eDas gro\u00dfe Promibacken\u201c, \u201eThe Masked Singer\u201c und \u201eDancing on Ice\u201c bis hin zu regelm\u00e4\u00dfigen T\u00e4tigkeiten als Moderatorin, Schauspielerin und Synchronsprecherin. (<a href=\"https:\/\/songcontest.orf.at\/artist\/deutschland102\">aus &#8218;ESC 2026 vom ORF&#8216;<\/a>)<\/p>\n\n\n\n<p>Ihr aktuelles Album \u201eStrong Girls Club\u201c erschien 2025. <strong>Sarah Engels<\/strong> kann aber nicht nur Popmusik, Backen oder Tanzen: Ende 2025 wagte sie den Sprung auf die Musicalb\u00fchne und \u00fcbernahm <strong>die Hauptrolle<\/strong> in der erfolgreichen K\u00f6lner Produktion von \u201e<strong>Moulin Rouge<\/strong>\u201c.<\/p>\n\n\n\n<p><\/p>\n","protected":false},"excerpt":{"rendered":"<p>Der\u00a070. Eurovision Song Contest 2026\u00a0findet in\u00a0Wien\u00a0statt. \u00d6sterreich ist bereits zum dritten Mal das ausrichtende Land nach 1967 und 2015. Das gro\u00dfe Finale findet am 16. Mai 2026 statt. Die Semi-Finals werden in derselben Woche am 12. und 14. Mai ausgetragen.\u00a0Bislang haben 33 L\u00e4nder ihre Teilnahme best\u00e4tigt.<\/p>\n<p>F\u00fcr Deutschland tritt Sarah Engels mit dem Titel &#8222;Fire&#8220; an.<\/p>\n","protected":false},"author":1,"featured_media":1630,"comment_status":"open","ping_status":"open","sticky":false,"template":"","format":"standard","meta":{"saved_in_kubio":false,"advanced_seo_description":"Sarah Engels steht f\u00fcr Deutschland beim ESC 2026 auf der B\u00fchne. Hier erf\u00e4hrst Du etwas \u00fcber sie.","jetpack_seo_html_title":"European Song Contest 2026. Wer vertritt Deutschland?","jetpack_seo_noindex":false,"_jetpack_memberships_contains_paid_content":false,"footnotes":"","jetpack_publicize_message":"","jetpack_publicize_feature_enabled":true,"jetpack_social_post_already_shared":true,"jetpack_social_options":{"image_generator_settings":{"template":"highway","default_image_id":0,"font":"","enabled":false},"version":2}},"categories":[1,85],"tags":[87,88,10],"class_list":["post-1629","post","type-post","status-publish","format-standard","has-post-thumbnail","hentry","category-allgemeines","category-kuenstler-und-bands","tag-esc2026","tag-sarahengels","tag-webradio"],"jetpack_publicize_connections":[],"jetpack_featured_media_url":"https:\/\/radio-tempore.wp-name.de\/wp-content\/uploads\/2026\/04\/sarah-engels-strong-girls-club-245891.jpg","jetpack_likes_enabled":true,"jetpack_sharing_enabled":true,"_links":{"self":[{"href":"https:\/\/radio-tempore.wp-name.de\/index.php\/wp-json\/wp\/v2\/posts\/1629","targetHints":{"allow":["GET"]}}],"collection":[{"href":"https:\/\/radio-tempore.wp-name.de\/index.php\/wp-json\/wp\/v2\/posts"}],"about":[{"href":"https:\/\/radio-tempore.wp-name.de\/index.php\/wp-json\/wp\/v2\/types\/post"}],"author":[{"embeddable":true,"href":"https:\/\/radio-tempore.wp-name.de\/index.php\/wp-json\/wp\/v2\/users\/1"}],"replies":[{"embeddable":true,"href":"https:\/\/radio-tempore.wp-name.de\/index.php\/wp-json\/wp\/v2\/comments?post=1629"}],"version-history":[{"count":4,"href":"https:\/\/radio-tempore.wp-name.de\/index.php\/wp-json\/wp\/v2\/posts\/1629\/revisions"}],"predecessor-version":[{"id":1636,"href":"https:\/\/radio-tempore.wp-name.de\/index.php\/wp-json\/wp\/v2\/posts\/1629\/revisions\/1636"}],"wp:featuredmedia":[{"embeddable":true,"href":"https:\/\/radio-tempore.wp-name.de\/index.php\/wp-json\/wp\/v2\/media\/1630"}],"wp:attachment":[{"href":"https:\/\/radio-tempore.wp-name.de\/index.php\/wp-json\/wp\/v2\/media?parent=1629"}],"wp:term":[{"taxonomy":"category","embeddable":true,"href":"https:\/\/radio-tempore.wp-name.de\/index.php\/wp-json\/wp\/v2\/categories?post=1629"},{"taxonomy":"post_tag","embeddable":true,"href":"https:\/\/radio-tempore.wp-name.de\/index.php\/wp-json\/wp\/v2\/tags?post=1629"}],"curies":[{"name":"wp","href":"https:\/\/api.w.org\/{rel}","templated":true}]}}