{"id":1319,"date":"2025-12-30T22:15:04","date_gmt":"2025-12-30T21:15:04","guid":{"rendered":"https:\/\/radio-tempore.wp-name.de\/?p=1319"},"modified":"2025-12-30T22:15:05","modified_gmt":"2025-12-30T21:15:05","slug":"ein-frohes-neues-jahr-2","status":"publish","type":"post","link":"https:\/\/radio-tempore.wp-name.de\/index.php\/2025\/12\/30\/ein-frohes-neues-jahr-2\/","title":{"rendered":"Ein frohes neues Jahr"},"content":{"rendered":"\n<p><strong>Dieses Jahr endet in wenigen Stunden. Ich bedanke mich bei Euch, dass Ihr bei meinen beiden Webradios zugeh\u00f6rt habt. Ich hoffe, dass es Euch so sehr gefallen hat, dass Ihr in Zukunft immer wieder vorbeikommt. F\u00fcr das neue Jahr w\u00fcnsche ich Euch viel Kraft, Gesundheit, friedvolle Zeiten und Situationen, die Euch t\u00e4glich ein L\u00e4cheln auf die Lippen bringen.<\/strong> <\/p>\n\n\n\n<p>Nat\u00fcrlich w\u00fcnsche ich auch, dass Ihr im kommenden Jahr Zeit findet, in meinen Programmen zu Gast zu sein. Ich strenge mich wieder an und m\u00f6chte t\u00e4glich einen Mix an sch\u00f6nen Liedern senden die nat\u00fcrlich Euch gefallen.<\/p>\n\n\n\n<p class=\"has-kubio-color-6-color has-text-color has-background has-link-color wp-elements-947100ab726a7467b4925f4b4e4fd67e\" style=\"background:radial-gradient(rgb(255,206,236) 0%,rgb(152,150,240) 100%)\"><strong>Und die Leser, die zuf\u00e4llig \u00fcber das Internet diesen Blog gefunden haben und meine beiden Webradios nicht kennen, h\u00f6rt doch mal rein.<\/strong><\/p>\n\n\n\n<p class=\"has-text-align-center has-kubio-color-6-color has-text-color has-background has-link-color wp-elements-19f2704773ef5b5d9b7884d7b0090f9a\" style=\"background:radial-gradient(rgb(255,206,236) 0%,rgb(152,150,240) 100%)\"><strong>Hier gehts zu <a href=\"https:\/\/stream.laut.fm\/radio-tempore\">Radio-Tempore<\/a> und hier zu <a href=\"https:\/\/stream.laut.fm\/mixx21\">Mixx21.<\/a><\/strong><\/p>\n\n\n\n<h3 class=\"wp-block-heading\">Und nun noch eine Programm-Information<\/h3>\n\n\n\n<p>Ich weiche nicht oft von den Sendepl\u00e4nen meiner Radios ab. Aber zweimal im Jahr ist das schon so. Einmal war es schon (Heilig Abend, 1. Weihnachtstag) und nochmal kommt es jetzt:<\/p>\n\n\n\n<p>Beide Webradios senden zum Jahreswechsel ein Sonderprogramm passend zum jeweiligen Sendeschema. Bei <a href=\"https:\/\/stream.laut.fm\/mixx21\">Mixx21<\/a> gibt es Silvester ab 20 Uhr tanzbare Musik f\u00fcr die Generation \u00dc??. Entsprechend ruhiger gehts bei <a href=\"https:\/\/stream.laut.fm\/radio-tempore\">Radio-Tempore<\/a> ab 19 Uhr mit Euren Lieblingssongs ins neue Jahr.<\/p>\n\n\n\n<p>Das Sonderprogramm l\u00e4uft bei beiden Stationen bis zum Abend des 01. Januar. Vielleicht h\u00f6rt Ihr mal rein? Also, ich bin da mit den Programmen ohne viel Moderation, daf\u00fcr aber mit Musik pur. Ich freu&#8216; mich!<\/p>\n\n\n\n<p><em>Bis zum n\u00e4chsten Blog. Euer RadioDJ.<\/em><\/p>\n\n\n\n<p><\/p>\n\n\n\n<p><\/p>\n","protected":false},"excerpt":{"rendered":"<p>Meine beiden Webradios senden zum Jahreswechsel ein Sonderprogramm passend zum jeweiligen Sendeschema. Bei Mixx21 gibt es Silvester ab 20 Uhr tanzbare Musik f\u00fcr die Generation \u00dc??. Entsprechend ruhiger gehts bei Radio-Tempore ab 19 Uhr mit Euren Lieblingssongs ins neue Jahr.<\/p>\n","protected":false},"author":1,"featured_media":1320,"comment_status":"open","ping_status":"open","sticky":false,"template":"","format":"standard","meta":{"saved_in_kubio":false,"advanced_seo_description":"Programminformation: Meine beiden Webradios senden zum Jahreswechsel ein Sonderprogramm passend zum jeweiligen Sendeschema. Bei Mixx21 gibt es Silvester ab 20 Uhr tanzbare Musik f\u00fcr die Generation \u00dc??. Entsprechend ruhiger gehts bei Radio-Tempore ab 19 Uhr mit Euren Lieblingssongs ins neue Jahr.","jetpack_seo_html_title":"Ein frohes neues Jahr","jetpack_seo_noindex":false,"_jetpack_memberships_contains_paid_content":false,"footnotes":"","jetpack_publicize_message":"","jetpack_publicize_feature_enabled":true,"jetpack_social_post_already_shared":false,"jetpack_social_options":{"image_generator_settings":{"template":"highway","default_image_id":0,"font":"","enabled":false},"version":2}},"categories":[1,6,4],"tags":[78,80,81,35,79,41,39,34,29,10],"class_list":["post-1319","post","type-post","status-publish","format-standard","has-post-thumbnail","hentry","category-allgemeines","category-programm","category-webradio","tag-78","tag-kuschelrock","tag-lautfm","tag-neujahr","tag-oldies","tag-pop","tag-programm","tag-silvester","tag-streaming","tag-webradio"],"jetpack_publicize_connections":[],"jetpack_featured_media_url":"https:\/\/radio-tempore.wp-name.de\/wp-content\/uploads\/2025\/12\/Silvester.jpg","jetpack_likes_enabled":true,"jetpack_sharing_enabled":true,"_links":{"self":[{"href":"https:\/\/radio-tempore.wp-name.de\/index.php\/wp-json\/wp\/v2\/posts\/1319","targetHints":{"allow":["GET"]}}],"collection":[{"href":"https:\/\/radio-tempore.wp-name.de\/index.php\/wp-json\/wp\/v2\/posts"}],"about":[{"href":"https:\/\/radio-tempore.wp-name.de\/index.php\/wp-json\/wp\/v2\/types\/post"}],"author":[{"embeddable":true,"href":"https:\/\/radio-tempore.wp-name.de\/index.php\/wp-json\/wp\/v2\/users\/1"}],"replies":[{"embeddable":true,"href":"https:\/\/radio-tempore.wp-name.de\/index.php\/wp-json\/wp\/v2\/comments?post=1319"}],"version-history":[{"count":1,"href":"https:\/\/radio-tempore.wp-name.de\/index.php\/wp-json\/wp\/v2\/posts\/1319\/revisions"}],"predecessor-version":[{"id":1321,"href":"https:\/\/radio-tempore.wp-name.de\/index.php\/wp-json\/wp\/v2\/posts\/1319\/revisions\/1321"}],"wp:featuredmedia":[{"embeddable":true,"href":"https:\/\/radio-tempore.wp-name.de\/index.php\/wp-json\/wp\/v2\/media\/1320"}],"wp:attachment":[{"href":"https:\/\/radio-tempore.wp-name.de\/index.php\/wp-json\/wp\/v2\/media?parent=1319"}],"wp:term":[{"taxonomy":"category","embeddable":true,"href":"https:\/\/radio-tempore.wp-name.de\/index.php\/wp-json\/wp\/v2\/categories?post=1319"},{"taxonomy":"post_tag","embeddable":true,"href":"https:\/\/radio-tempore.wp-name.de\/index.php\/wp-json\/wp\/v2\/tags?post=1319"}],"curies":[{"name":"wp","href":"https:\/\/api.w.org\/{rel}","templated":true}]}}