{"id":1218,"date":"2025-10-08T19:25:57","date_gmt":"2025-10-08T17:25:57","guid":{"rendered":"https:\/\/radio-tempore.wp-name.de\/?p=1218"},"modified":"2025-10-08T19:25:59","modified_gmt":"2025-10-08T17:25:59","slug":"pop-boutique-stil-hat-sound","status":"publish","type":"post","link":"https:\/\/radio-tempore.wp-name.de\/index.php\/2025\/10\/08\/pop-boutique-stil-hat-sound\/","title":{"rendered":"Pop-Boutique \u2013 Stil hat Sound"},"content":{"rendered":"\n<p><strong><em>Programm-Hinweis:<\/em><\/strong><\/p>\n\n\n\n<p>Willkommen in der Pop-Boutique \u2013 dem musikalischen Modehaus f\u00fcr feine Ohren und gute Laune. Hier wird nicht einfach Musik gespielt, hier wird sie pr\u00e4sentiert: wie ein eleganter Mantel aus den 80ern, ein glitzerndes Discohemd oder ein l\u00e4ssiger Indie-Hoodie. Von Pop bis Klassik, von Ohrwurm bis Oper \u2013 alles darf auf den Laufsteg, solange es Stil hat.<\/p>\n\n\n\n<p>Ob du nur kurz reinschlenderst oder dich Samstag und Sonntag durch die Regale h\u00f6rst \u2013 in der Pop-Boutique findest du garantiert ein Klangst\u00fcck, das sitzt wie angegossen. Und das Beste: Du brauchst keinen Dresscode, nur offene Ohren.<\/p>\n\n\n\n<p>Die Pop-Boutique bei Radio-Tempore hat jeden Samstag und Sonntag ab 23:00 Uhr ge\u00f6ffnet!<\/p>\n","protected":false},"excerpt":{"rendered":"<p>\ud83c\udfb6 Pop trifft Klassik, Musical k\u00fcsst Oldies \u2013 hier wird Musik nicht nur geh\u00f6rt, sondern mit Stil serviert. \ud83d\udc83 Ein akustischer Laufsteg f\u00fcr feine Ohren. \ud83d\udcfb Jetzt reinh\u00f6ren bei Radio-Tempore. Immer am Wochenende um 23:00 Uhr!<\/p>\n","protected":false},"author":1,"featured_media":1219,"comment_status":"open","ping_status":"open","sticky":false,"template":"","format":"standard","meta":{"saved_in_kubio":false,"advanced_seo_description":"Von Pop bis Klassik, von Musical bis Filmmusik \u2013 hier wird nicht einfach gespielt, hier wird kuratiert. \ud83d\udcab F\u00fcr alle, die Musik nicht nur h\u00f6ren, sondern erleben wollen. \ud83d\udcfb Jetzt reinh\u00f6ren auf Radio-Tempore \u2013 dein musikalisches Modehaus!","jetpack_seo_html_title":"Pop-Boutique \u2013 Stil hat Sound!","jetpack_seo_noindex":false,"_jetpack_memberships_contains_paid_content":false,"footnotes":"","jetpack_publicize_message":"","jetpack_publicize_feature_enabled":true,"jetpack_social_post_already_shared":false,"jetpack_social_options":{"image_generator_settings":{"template":"highway","default_image_id":0,"font":"","enabled":false},"version":2}},"categories":[7,6],"tags":[73,71,69,32,72],"class_list":["post-1218","post","type-post","status-publish","format-standard","has-post-thumbnail","hentry","category-hoertipps","category-programm","tag-klangkleidung","tag-musikmitstil","tag-popboutique","tag-radio-tempore","tag-radioliebe"],"jetpack_publicize_connections":[],"jetpack_featured_media_url":"https:\/\/radio-tempore.wp-name.de\/wp-content\/uploads\/2025\/10\/Pop-Boutique.png","jetpack_likes_enabled":true,"jetpack_sharing_enabled":true,"_links":{"self":[{"href":"https:\/\/radio-tempore.wp-name.de\/index.php\/wp-json\/wp\/v2\/posts\/1218","targetHints":{"allow":["GET"]}}],"collection":[{"href":"https:\/\/radio-tempore.wp-name.de\/index.php\/wp-json\/wp\/v2\/posts"}],"about":[{"href":"https:\/\/radio-tempore.wp-name.de\/index.php\/wp-json\/wp\/v2\/types\/post"}],"author":[{"embeddable":true,"href":"https:\/\/radio-tempore.wp-name.de\/index.php\/wp-json\/wp\/v2\/users\/1"}],"replies":[{"embeddable":true,"href":"https:\/\/radio-tempore.wp-name.de\/index.php\/wp-json\/wp\/v2\/comments?post=1218"}],"version-history":[{"count":2,"href":"https:\/\/radio-tempore.wp-name.de\/index.php\/wp-json\/wp\/v2\/posts\/1218\/revisions"}],"predecessor-version":[{"id":1221,"href":"https:\/\/radio-tempore.wp-name.de\/index.php\/wp-json\/wp\/v2\/posts\/1218\/revisions\/1221"}],"wp:featuredmedia":[{"embeddable":true,"href":"https:\/\/radio-tempore.wp-name.de\/index.php\/wp-json\/wp\/v2\/media\/1219"}],"wp:attachment":[{"href":"https:\/\/radio-tempore.wp-name.de\/index.php\/wp-json\/wp\/v2\/media?parent=1218"}],"wp:term":[{"taxonomy":"category","embeddable":true,"href":"https:\/\/radio-tempore.wp-name.de\/index.php\/wp-json\/wp\/v2\/categories?post=1218"},{"taxonomy":"post_tag","embeddable":true,"href":"https:\/\/radio-tempore.wp-name.de\/index.php\/wp-json\/wp\/v2\/tags?post=1218"}],"curies":[{"name":"wp","href":"https:\/\/api.w.org\/{rel}","templated":true}]}}