{"id":1205,"date":"2025-08-31T00:12:58","date_gmt":"2025-08-30T22:12:58","guid":{"rendered":"https:\/\/radio-tempore.wp-name.de\/?p=1205"},"modified":"2026-04-25T22:55:42","modified_gmt":"2026-04-25T20:55:42","slug":"retrowelle-die-audio-kassette-ist-wieder-da","status":"publish","type":"post","link":"https:\/\/radio-tempore.wp-name.de\/index.php\/2025\/08\/31\/retrowelle-die-audio-kassette-ist-wieder-da\/","title":{"rendered":"Retrowelle &#8211; Die Audio-Kassette ist wieder da"},"content":{"rendered":"\n<p><em><strong>In einem Beitrag zum Erscheinen des neuen Albums von Taylor Swift fiel mir etwas auf, dass aus der Zeit gefallen schien: Das Album erscheint als CD, Vinyl und Kassette (!!!). Und ich musste feststellen, dass das ein ganz aktueller Trend ist, das mit der Audio-Kassette. <\/strong><\/em><\/p>\n\n\n\n<h3 class=\"wp-block-heading\">Kommt die Kassette wieder zur\u00fcck<\/h3>\n\n\n\n<p>Ob die Kassette in der n\u00e4chsten Zeit wieder beliebt wird, kann bisher niemand sagen. Wegbereiter k\u00f6nnten jedoch immer mehr K\u00fcnstler sein, die ihre Alben auch auf den Audio-Kassetten ver\u00f6ffentlichen. kleinen Audiotapes auf den Markt. Fast schon \u00fcblich ist es in der Heavy Metal Musik, es kommen inzwischen auch andere Musikrichtungen dazu. K\u00fcnstler wie Taylor Swift, Harry Styles oder auch Robbie Williams verkauften in Gro\u00dfbritannien weit \u00fcber 200.000 Kassetten \u2013 Tendenz steigend. Vom deutschen Markt habe ich keine Zahlen gefunden.<\/p>\n\n\n\n<p>Die Elektronikbranche hat l\u00e4ngst diesen Trend erkannt und liefert wieder passende Abspielger\u00e4te. Mein altes Radio mit CD und Kassette ist pl\u00f6tzlich wieder ganz aktuell.<\/p>\n\n\n\n<h3 class=\"wp-block-heading\">Totgesagte leben also l\u00e4nger?<\/h3>\n\n\n\n<p>Wer seine Kassetten-Sammlung und den Rekorder oder den Walkman noch besitzt, kann sich freuen. Wann ging das eigentlich los mit den Kassetten? Bereits seit den 1930er-Jahren gab es Magnetb\u00e4nder f\u00fcr die Tonaufnahme. Die so genannte Kompaktkassette wurde 1963 von der Firma Philips erstmalig auf der Internationalen Funkausstellung in\u00a0Berlin vorgestellt.<\/p>\n\n\n\n<p>Ab den 1970er Jahren produzierten viele Firmen massenhaft Kassetten und Abspielger\u00e4te. Der legend\u00e4re Walkman erblickte 1979 das Licht der Welt. Anfangs war die Tonqualit\u00e4t schlechter als bei der Schallplatte. Mit der Entwicklung von neuem Bandmaterial und dem Dolby-System zur Rauschunterdr\u00fcckung \u00e4nderte sich das aber und die Nutzung der Kassetten nahm rasant zu.<\/p>\n\n\n\n<h3 class=\"wp-block-heading\">Das Ende der Kassette kam mit der CD<\/h3>\n\n\n\n<p>Mit der Vorstellung der CD im Jahre 1980 wurde die Audioqualit\u00e4t noch einmal deutlich besser. Das bedeutete letztlich das Ende der Kompakt-Kassette. In den 2000er Jahren gab es kaum noch Firmen, die Kassetten vertrieben oder herstellten.<\/p>\n\n\n\n<h3 class=\"wp-block-heading\">Und jetzt Kassette 2.0<\/h3>\n\n\n\n<p>Es ist nicht nur so, dass immer mehr neue Musikproduktionen auf Kassette erscheinen. Immer mehr Menschen, vor allem j\u00fcngere Menschen, entdecken diese alte Technik neu. Nostalgie-Sendungen wie &#8218;Stranger Things&#8216; und der Lofi-Musikstil tragen sicher dazu bei. Vielleicht ist es auch der geheime Wunsch nach einer einfacheren, konfliktfreieren Zeit? Au\u00dferdem geh\u00f6rt auch der Glaube dazu, dass die Tontr\u00e4ger einen nat\u00fcrlicheren Sound als die digitalen Medien haben und aus einem nat\u00fcrlichen Material bestehen.<\/p>\n\n\n\n<p><em><strong>Wer nun mitmachen will bei diesem Trend: alte Kassetten sind bei guter Lagerung 30 bis 40 Jahre funktionsf\u00e4hig. Und Neuanschaffungen von Kassetten oder Abspielger\u00e4ten sind in allen Preisklassen bei Onlineshops und Elektronikm\u00e4rkten m\u00f6glich.<\/strong><\/em><\/p>\n\n\n\n<p>Danke f\u00fcr&#8217;s Lesen. Wenn Du etwas erg\u00e4nzen oder mitteilen m\u00f6chtest, nutze bitte die Kommentarfunktion am Ende.<\/p>\n\n\n\n<p>Bis zum n\u00e4chsten Blog<\/p>\n\n\n\n<p>Dein Plattenaufleger Karl-Heinz<\/p>\n\n\n\n<p><\/p>\n","protected":false},"excerpt":{"rendered":"<p>In einem Beitrag zum Erscheinen des neuen Albums von Taylor Swift fiel mir etwas auf, dass aus der Zeit gefallen schien: Das Album erscheint als CD, Vinyl und Kassette (!!!). Und ich musste feststellen, dass das ein ganz aktueller Trend ist, das mit der Audio-Kassette. <\/p>\n","protected":false},"author":1,"featured_media":1207,"comment_status":"open","ping_status":"open","sticky":false,"template":"","format":"standard","meta":{"saved_in_kubio":false,"advanced_seo_description":"Kommt die Kassette wieder zur\u00fcck?\nWoher kommt der Trend zur Audiokassette?\n","jetpack_seo_html_title":"Retrowelle - Die Audiokassette ist wieder da","jetpack_seo_noindex":false,"_jetpack_memberships_contains_paid_content":false,"footnotes":"","jetpack_publicize_message":"Es gibt einen neuen Blog auf meiner   Seite radio-tempore.de . Interesse? Dann komm' vorbei! Danke.\n\n","jetpack_publicize_feature_enabled":true,"jetpack_social_post_already_shared":false,"jetpack_social_options":{"image_generator_settings":{"template":"highway","default_image_id":0,"enabled":false},"version":2}},"categories":[86],"tags":[66,67,65],"class_list":["post-1205","post","type-post","status-publish","format-standard","has-post-thumbnail","hentry","category-musik","tag-audiokassette","tag-kompakt-kassette","tag-retrowelle"],"jetpack_publicize_connections":[],"jetpack_featured_media_url":"https:\/\/radio-tempore.wp-name.de\/wp-content\/uploads\/2025\/08\/Musikkassette.jpg","jetpack_likes_enabled":true,"jetpack_sharing_enabled":true,"_links":{"self":[{"href":"https:\/\/radio-tempore.wp-name.de\/index.php\/wp-json\/wp\/v2\/posts\/1205","targetHints":{"allow":["GET"]}}],"collection":[{"href":"https:\/\/radio-tempore.wp-name.de\/index.php\/wp-json\/wp\/v2\/posts"}],"about":[{"href":"https:\/\/radio-tempore.wp-name.de\/index.php\/wp-json\/wp\/v2\/types\/post"}],"author":[{"embeddable":true,"href":"https:\/\/radio-tempore.wp-name.de\/index.php\/wp-json\/wp\/v2\/users\/1"}],"replies":[{"embeddable":true,"href":"https:\/\/radio-tempore.wp-name.de\/index.php\/wp-json\/wp\/v2\/comments?post=1205"}],"version-history":[{"count":3,"href":"https:\/\/radio-tempore.wp-name.de\/index.php\/wp-json\/wp\/v2\/posts\/1205\/revisions"}],"predecessor-version":[{"id":1209,"href":"https:\/\/radio-tempore.wp-name.de\/index.php\/wp-json\/wp\/v2\/posts\/1205\/revisions\/1209"}],"wp:featuredmedia":[{"embeddable":true,"href":"https:\/\/radio-tempore.wp-name.de\/index.php\/wp-json\/wp\/v2\/media\/1207"}],"wp:attachment":[{"href":"https:\/\/radio-tempore.wp-name.de\/index.php\/wp-json\/wp\/v2\/media?parent=1205"}],"wp:term":[{"taxonomy":"category","embeddable":true,"href":"https:\/\/radio-tempore.wp-name.de\/index.php\/wp-json\/wp\/v2\/categories?post=1205"},{"taxonomy":"post_tag","embeddable":true,"href":"https:\/\/radio-tempore.wp-name.de\/index.php\/wp-json\/wp\/v2\/tags?post=1205"}],"curies":[{"name":"wp","href":"https:\/\/api.w.org\/{rel}","templated":true}]}}