{"id":1,"date":"2022-05-01T22:11:29","date_gmt":"2022-05-01T20:11:29","guid":{"rendered":"https:\/\/wp801108.luwp-s094.letuswordpress.de\/?p=1"},"modified":"2022-05-08T19:57:54","modified_gmt":"2022-05-08T17:57:54","slug":"hallo-welt","status":"publish","type":"post","link":"https:\/\/radio-tempore.wp-name.de\/index.php\/2022\/05\/01\/hallo-welt\/","title":{"rendered":"Hallo Radiowelt!"},"content":{"rendered":"\n<p>Sch\u00f6n, dass Du da bist! Willkommen auf den gemeinsamen Seiten der beiden Webradios Radio Tempore und Mixx21. Schau Dich um! Hier kannst Du Musik aus 8 Jahrzehnten h\u00f6ren. Dabei spielt die Musikrichtung keine Rolle: Hauptsache sch\u00f6n und nicht nervig! Regelm\u00e4\u00dfige Nachrichten und Wortbeitr\u00e4ge gibt&#8217;s ebenfalls.<\/p>\n","protected":false},"excerpt":{"rendered":"<p>Sch\u00f6n, dass Du da bist! Willkommen auf den gemeinsamen Seiten der beiden Webradios Radio Tempore und Mixx21. Schau Dich um! Hier kannst Du Musik aus 8 Jahrzehnten h\u00f6ren. Dabei spielt die Musikrichtung keine Rolle: Hauptsache sch\u00f6n und nicht nervig! Regelm\u00e4\u00dfige Nachrichten und Wortbeitr\u00e4ge gibt&#8217;s ebenfalls.<\/p>\n","protected":false},"author":1,"featured_media":0,"comment_status":"open","ping_status":"open","sticky":true,"template":"","format":"standard","meta":{"saved_in_kubio":false,"advanced_seo_description":"","jetpack_seo_html_title":"","jetpack_seo_noindex":false,"_jetpack_memberships_contains_paid_content":false,"footnotes":"","jetpack_publicize_message":"","jetpack_publicize_feature_enabled":true,"jetpack_social_post_already_shared":false,"jetpack_social_options":{"image_generator_settings":{"template":"highway","default_image_id":0,"font":"","enabled":false},"version":2}},"categories":[1],"tags":[],"class_list":["post-1","post","type-post","status-publish","format-standard","hentry","category-allgemeines"],"jetpack_publicize_connections":[],"jetpack_featured_media_url":"","jetpack_likes_enabled":true,"jetpack_sharing_enabled":true,"_links":{"self":[{"href":"https:\/\/radio-tempore.wp-name.de\/index.php\/wp-json\/wp\/v2\/posts\/1","targetHints":{"allow":["GET"]}}],"collection":[{"href":"https:\/\/radio-tempore.wp-name.de\/index.php\/wp-json\/wp\/v2\/posts"}],"about":[{"href":"https:\/\/radio-tempore.wp-name.de\/index.php\/wp-json\/wp\/v2\/types\/post"}],"author":[{"embeddable":true,"href":"https:\/\/radio-tempore.wp-name.de\/index.php\/wp-json\/wp\/v2\/users\/1"}],"replies":[{"embeddable":true,"href":"https:\/\/radio-tempore.wp-name.de\/index.php\/wp-json\/wp\/v2\/comments?post=1"}],"version-history":[{"count":0,"href":"https:\/\/radio-tempore.wp-name.de\/index.php\/wp-json\/wp\/v2\/posts\/1\/revisions"}],"wp:attachment":[{"href":"https:\/\/radio-tempore.wp-name.de\/index.php\/wp-json\/wp\/v2\/media?parent=1"}],"wp:term":[{"taxonomy":"category","embeddable":true,"href":"https:\/\/radio-tempore.wp-name.de\/index.php\/wp-json\/wp\/v2\/categories?post=1"},{"taxonomy":"post_tag","embeddable":true,"href":"https:\/\/radio-tempore.wp-name.de\/index.php\/wp-json\/wp\/v2\/tags?post=1"}],"curies":[{"name":"wp","href":"https:\/\/api.w.org\/{rel}","templated":true}]}}